{"id":101331,"date":"2024-05-24T12:11:02","date_gmt":"2024-05-24T10:11:02","guid":{"rendered":"https:\/\/exaudi.org\/?p=101331"},"modified":"2024-05-24T12:14:12","modified_gmt":"2024-05-24T10:14:12","slug":"el-papa-crea-en-el-vaticano-la-universidad-del-sentido","status":"publish","type":"post","link":"https:\/\/exaudi.org\/es\/el-papa-crea-en-el-vaticano-la-universidad-del-sentido\/","title":{"rendered":"El Papa crea en el Vaticano la \u00abUniversidad del Sentido\u00bb"},"content":{"rendered":"<audio class=\"wp-audio-shortcode\" id=\"audio-101331-1\" preload=\"none\" style=\"width: 100%;\" controls=\"controls\"><source type=\"audio\/mpeg\" src=\"https:\/\/exaudi.org\/wp-content\/uploads\/2024\/05\/Univ-sentido.mp3?_=1\" \/><a href=\"https:\/\/exaudi.org\/wp-content\/uploads\/2024\/05\/Univ-sentido.mp3\">https:\/\/exaudi.org\/wp-content\/uploads\/2024\/05\/Univ-sentido.mp3<\/a><\/audio>\n<p>El Papa Francisco ha presidido, este jueves 23 de mayo\u00a0por la tarde en el Aula Nueva del S\u00ednodo, la sesi\u00f3n conclusiva del primer \u00abEncuentro Internacional del Sentido\u00bb, promovido por\u00a0Scholas Occurrentes\u00a0y CAF Banco de Desarrollo de Am\u00e9rica Latina y El Caribe del 21 al 23 de mayo en el Vaticano.<\/p>\n<p>El Pont\u00edfice respondi\u00f3 a cuatro preguntas planteadas por los participantes en el evento que despertaron reflexiones sobre su infancia, la importancia del arte, el dolor, el porqu\u00e9 de una \u00abUniversidad del Sentido\u00bb, entre otras tem\u00e1ticas.<\/p>\n<p><img loading=\"lazy\" decoding=\"async\" class=\"alignleft size-full wp-image-101336\" src=\"https:\/\/exaudi.org\/wp-content\/uploads\/2024\/05\/Snapinsta.app_444215164_837654481721421_3217435601156553920_n_1080.jpg\" alt=\"\" width=\"1080\" height=\"720\" srcset=\"https:\/\/exaudi.org\/wp-content\/uploads\/2024\/05\/Snapinsta.app_444215164_837654481721421_3217435601156553920_n_1080.jpg 1080w, https:\/\/exaudi.org\/wp-content\/uploads\/2024\/05\/Snapinsta.app_444215164_837654481721421_3217435601156553920_n_1080-300x200.jpg 300w, https:\/\/exaudi.org\/wp-content\/uploads\/2024\/05\/Snapinsta.app_444215164_837654481721421_3217435601156553920_n_1080-1024x683.jpg 1024w, https:\/\/exaudi.org\/wp-content\/uploads\/2024\/05\/Snapinsta.app_444215164_837654481721421_3217435601156553920_n_1080-770x513.jpg 770w, https:\/\/exaudi.org\/wp-content\/uploads\/2024\/05\/Snapinsta.app_444215164_837654481721421_3217435601156553920_n_1080-360x240.jpg?crop=1 360w, https:\/\/exaudi.org\/wp-content\/uploads\/2024\/05\/Snapinsta.app_444215164_837654481721421_3217435601156553920_n_1080-500x333.jpg 500w, https:\/\/exaudi.org\/wp-content\/uploads\/2024\/05\/Snapinsta.app_444215164_837654481721421_3217435601156553920_n_1080-370x247.jpg 370w, https:\/\/exaudi.org\/wp-content\/uploads\/2024\/05\/Snapinsta.app_444215164_837654481721421_3217435601156553920_n_1080-293x195.jpg 293w, https:\/\/exaudi.org\/wp-content\/uploads\/2024\/05\/Snapinsta.app_444215164_837654481721421_3217435601156553920_n_1080-120x80.jpg 120w, https:\/\/exaudi.org\/wp-content\/uploads\/2024\/05\/Snapinsta.app_444215164_837654481721421_3217435601156553920_n_1080-240x160.jpg 240w, https:\/\/exaudi.org\/wp-content\/uploads\/2024\/05\/Snapinsta.app_444215164_837654481721421_3217435601156553920_n_1080-390x260.jpg 390w\" sizes=\"auto, (max-width: 1080px) 100vw, 1080px\" \/>En sus intervenciones en espa\u00f1ol, Francisco anim\u00f3 a redescubrir la dimensi\u00f3n l\u00fadica de la vida, dejar lugar a la caricia en los momentos de sufrimiento: \u201cCuando el dolor se cierra en s\u00ed mismo es venenoso, siempre. Cuando el dolor se deja ayudar, se deja acompa\u00f1ar, cuando el dolor se abre a la ayuda de otro, es fecundo. Abrirse, siempre abrirse\u201d.<\/p>\n<p>El 15 de agosto el Papa Francisco estableci\u00f3 la Universidad del Sentido, una instituci\u00f3n p\u00fablica dedicada a abordar la crisis global de significado. Esta universidad, aut\u00f3noma y con sede en el Estado de la Ciudad del Vaticano, ser\u00e1 administrada por el Movimiento Educativo Internacional Scholas Occurrentes. En un comunicado emitido por Scholas, el Papa afirm\u00f3: \u00abScholas, como comunidad educativa en crecimiento, inaugura la Universidad del Sentido, acogiendo a estudiantes de todas las realidades, lenguas y credos, para que nadie quede excluido, ense\u00f1ando no solo hechos, sino la vida misma\u00bb.<\/p>\n<p>En medio de la pandemia global y la crisis cultural, el Pont\u00edfice dijo en un mensaje virtual: \u00abFrente a la crisis actual de la humanidad, donde la cultura ha demostrado haber perdido su vitalidad, celebro la apertura de la Universidad del Sentido por Scholas, una comunidad educativa que busca el sentido de las cosas\u00bb.<\/p>\n<h3><strong>Un entorno acogedor y creativo<\/strong><\/h3>\n<p>La profesora Mpho Tshivhase de la Universidad de Pretoria, la profesora Stefania Travagnin de la Universidad de Londres, el profesor Souleymane Bachir Diagne de la Universidad de Columbia, y la profesora Diane Moore de la Universidad de Harvard, entre otros, coinciden en la importancia de establecer una comunidad universitaria global que responda a la necesidad de repensar la educaci\u00f3n, centr\u00e1ndose en la singularidad del individuo y en la comunidad como expresi\u00f3n de la diversidad. Un lugar acogedor y creativo donde todos sean bienvenidos y participen. Una universidad \u00fanica que, como dijo Plat\u00f3n, \u00abno tiene un lugar espec\u00edfico porque est\u00e1 en todas partes\u00bb. Una semilla peque\u00f1a que puede convertirse en un \u00e1rbol grande, cuyas ra\u00edces est\u00e1n en las ense\u00f1anzas del Papa Francisco y en la experiencia de Scholas; una universidad local y global, intercultural, interreligiosa e intergeneracional. El aprendizaje, seg\u00fan Scholas Occurrentes, \u00abse nutre de los lenguajes cient\u00edficos y human\u00edsticos, del arte, la tecnolog\u00eda y las experiencias vitales. Esta universidad nutre el alma y distingue lo \u00fatil de lo indispensable; ayuda a mantener lo esencial en perspectiva, ya que no solo de pan vive el hombre\u00bb.<\/p>\n<h3><strong>Proyectos para j\u00f3venes<\/strong><\/h3>\n<p>Desde 2013, Scholas, un Movimiento Educativo Internacional fundado por el Papa Francisco, ha llevado a cabo experiencias educativas con j\u00f3venes de diferentes credos y culturas en los cinco continentes, respondiendo a la profunda b\u00fasqueda de sentido de nuestros tiempos. En 2015, Scholas inici\u00f3 una red con universidades p\u00fablicas y privadas para crear C\u00e1tedras Scholas dentro de ellas, trabajando juntas no solo en extensi\u00f3n, sino tambi\u00e9n en docencia e investigaci\u00f3n. Desde 2017, estas universidades han compartido sus logros y resultados anuales en un congreso mundial para fortalecer esta metodolog\u00eda y conectar la investigaci\u00f3n con el trabajo de campo. En 2020, en plena pandemia, el Papa Francisco invit\u00f3 a Scholas a promover esta significativa iniciativa a nivel universitario. Desde 2021, la organizaci\u00f3n ha reunido a profesores para desarrollar el manifiesto de la Universidad del Sentido. Desde 2022, Scholas ha llevado a cabo experiencias de construcci\u00f3n de sentido con profesores y estudiantes universitarios en Am\u00e9rica Latina y Europa, quienes han recibido varios premios acad\u00e9micos y forman parte de la oferta educativa de diversas carreras y universidades. Desde el 15 de agosto de 2023, la Universidad Senso ha sido establecida por el Santo Padre como una persona jur\u00eddica civil con sede en el Estado de la Ciudad del Vaticano.<\/p>\n<p><iframe loading=\"lazy\" title=\"&quot;El dolor pide ser acariciado&quot; - Papa Francisco\" width=\"500\" height=\"281\" src=\"https:\/\/www.youtube.com\/embed\/T8X22eyl-aw?feature=oembed\" frameborder=\"0\" allow=\"accelerometer; autoplay; clipboard-write; encrypted-media; gyroscope; picture-in-picture; web-share\" referrerpolicy=\"strict-origin-when-cross-origin\" allowfullscreen><\/iframe><\/p>\n","protected":false},"excerpt":{"rendered":"<p>Se trata de una instituci\u00f3n educativa universitaria civil\u00bb con sede en la Ciudad del Vaticano\u00bb que quiere responder a la crisis global de sentido y representar un lugar acogedor donde reimaginar la educaci\u00f3n, centr\u00e1ndose en la persona en su singularidad y en la comunidad como expresi\u00f3n de pluralidad<\/p>\n","protected":false},"author":15,"featured_media":101339,"comment_status":"closed","ping_status":"closed","sticky":false,"template":"","format":"standard","meta":{"_acf_changed":false,"_crdt_document":"","inline_featured_image":false,"footnotes":""},"categories":[68],"tags":[1521,9770,8033,16647,5594,16638,3679,16640,1854,764,16645,16644,16641,16642,16352,16643,158,16646,655,16639,11783,4953,16637,272],"class_list":["post-101331","post","type-post","status-publish","format-standard","has-post-thumbnail","hentry","category-leon-xiv","tag-america-latina","tag-aprendizaje","tag-arte-2","tag-catedras-scholas","tag-comunidad","tag-crisis-global-de-sentido","tag-cultura-es","tag-diversidad","tag-educacion","tag-europa","tag-experiencias-vitales","tag-humanisticos","tag-intercultural","tag-intergeneracional","tag-interreligioso-2","tag-lenguajes-cientificos","tag-papa-francisco","tag-proyectos-para-jovenes","tag-scholas-occurrentes","tag-singularidad","tag-tecnologia-2","tag-trending-es","tag-universidad-del-sentido","tag-vaticano-es"],"acf":[],"yoast_head":"<!-- This site is optimized with the Yoast SEO plugin v27.4 - https:\/\/yoast.com\/product\/yoast-seo-wordpress\/ -->\n<title>El Papa crea en el Vaticano la &quot;Universidad del Sentido&quot; &#8211; Exaudi<\/title>\n<meta name=\"robots\" content=\"index, follow, max-snippet:-1, max-image-preview:large, max-video-preview:-1\" \/>\n<link rel=\"canonical\" href=\"https:\/\/exaudi.org\/es\/el-papa-crea-en-el-vaticano-la-universidad-del-sentido\/\" \/>\n<meta property=\"og:locale\" content=\"es_ES\" \/>\n<meta property=\"og:type\" content=\"article\" \/>\n<meta property=\"og:title\" content=\"El Papa crea en el Vaticano la &quot;Universidad del Sentido&quot; &#8211; Exaudi\" \/>\n<meta property=\"og:description\" content=\"Se trata de una instituci\u00f3n educativa universitaria civil&quot; con sede en la Ciudad del Vaticano&quot; que quiere responder a la crisis global de sentido y representar un lugar acogedor donde reimaginar la educaci\u00f3n, centr\u00e1ndose en la persona en su singularidad y en la comunidad como expresi\u00f3n de pluralidad\" \/>\n<meta property=\"og:url\" content=\"https:\/\/exaudi.org\/es\/el-papa-crea-en-el-vaticano-la-universidad-del-sentido\/\" \/>\n<meta property=\"og:site_name\" content=\"Exaudi\" \/>\n<meta property=\"article:publisher\" content=\"https:\/\/www.facebook.com\/ExaudiNews\" \/>\n<meta property=\"article:author\" content=\"https:\/\/www.facebook.com\/ExaudiNoticias\/\" \/>\n<meta property=\"article:published_time\" content=\"2024-05-24T10:11:02+00:00\" \/>\n<meta property=\"article:modified_time\" content=\"2024-05-24T10:14:12+00:00\" \/>\n<meta property=\"og:image\" content=\"https:\/\/exaudi.org\/wp-content\/uploads\/2024\/05\/Snapinsta.app_445081723_837654491721420_8235044816801739398_n_1080.jpg\" \/>\n\t<meta property=\"og:image:width\" content=\"1080\" \/>\n\t<meta property=\"og:image:height\" content=\"720\" \/>\n\t<meta property=\"og:image:type\" content=\"image\/jpeg\" \/>\n<meta name=\"author\" content=\"Exaudi Redacci\u00f3n\" \/>\n<meta name=\"twitter:card\" content=\"summary_large_image\" \/>\n<meta name=\"twitter:creator\" content=\"@Exaudi_noticias\" \/>\n<meta name=\"twitter:site\" content=\"@Exaudi_News\" \/>\n<meta name=\"twitter:label1\" content=\"Escrito por\" \/>\n\t<meta name=\"twitter:data1\" content=\"Exaudi Redacci\u00f3n\" \/>\n\t<meta name=\"twitter:label2\" content=\"Tiempo de lectura\" \/>\n\t<meta name=\"twitter:data2\" content=\"4 minutos\" \/>\n<script type=\"application\/ld+json\" class=\"yoast-schema-graph\">{\"@context\":\"https:\\\/\\\/schema.org\",\"@graph\":[{\"@type\":\"Article\",\"@id\":\"https:\\\/\\\/exaudi.org\\\/es\\\/el-papa-crea-en-el-vaticano-la-universidad-del-sentido\\\/#article\",\"isPartOf\":{\"@id\":\"https:\\\/\\\/exaudi.org\\\/es\\\/el-papa-crea-en-el-vaticano-la-universidad-del-sentido\\\/\"},\"author\":{\"name\":\"Exaudi Redacci\u00f3n\",\"@id\":\"https:\\\/\\\/exaudi.org\\\/#\\\/schema\\\/person\\\/f5fc8f063065e38742da7afe15f25df7\"},\"headline\":\"El Papa crea en el Vaticano la \u00abUniversidad del Sentido\u00bb\",\"datePublished\":\"2024-05-24T10:11:02+00:00\",\"dateModified\":\"2024-05-24T10:14:12+00:00\",\"mainEntityOfPage\":{\"@id\":\"https:\\\/\\\/exaudi.org\\\/es\\\/el-papa-crea-en-el-vaticano-la-universidad-del-sentido\\\/\"},\"wordCount\":744,\"image\":{\"@id\":\"https:\\\/\\\/exaudi.org\\\/es\\\/el-papa-crea-en-el-vaticano-la-universidad-del-sentido\\\/#primaryimage\"},\"thumbnailUrl\":\"https:\\\/\\\/exaudi.org\\\/wp-content\\\/uploads\\\/2024\\\/05\\\/Snapinsta.app_445081723_837654491721420_8235044816801739398_n_1080.jpg\",\"keywords\":[\"Am\u00e9rica Latina\",\"Aprendizaje\",\"Arte\",\"c\u00e1tedras Scholas\",\"Comunidad\",\"crisis global de sentido\",\"cultura\",\"diversidad\",\"Educaci\u00f3n\",\"Europa\",\"experiencias vitales\",\"human\u00edsticos\",\"intercultural\",\"intergeneracional\",\"interreligioso\",\"lenguajes cient\u00edficos\",\"papa francisco\",\"proyectos para j\u00f3venes\",\"Scholas Occurrentes\",\"singularidad\",\"Tecnolog\u00eda\",\"Trending\",\"Universidad del Sentido\",\"Vaticano\"],\"articleSection\":[\"Le\u00f3n XIV\"],\"inLanguage\":\"es\"},{\"@type\":\"WebPage\",\"@id\":\"https:\\\/\\\/exaudi.org\\\/es\\\/el-papa-crea-en-el-vaticano-la-universidad-del-sentido\\\/\",\"url\":\"https:\\\/\\\/exaudi.org\\\/es\\\/el-papa-crea-en-el-vaticano-la-universidad-del-sentido\\\/\",\"name\":\"El Papa crea en el Vaticano la \\\"Universidad del Sentido\\\" &#8211; Exaudi\",\"isPartOf\":{\"@id\":\"https:\\\/\\\/exaudi.org\\\/#website\"},\"primaryImageOfPage\":{\"@id\":\"https:\\\/\\\/exaudi.org\\\/es\\\/el-papa-crea-en-el-vaticano-la-universidad-del-sentido\\\/#primaryimage\"},\"image\":{\"@id\":\"https:\\\/\\\/exaudi.org\\\/es\\\/el-papa-crea-en-el-vaticano-la-universidad-del-sentido\\\/#primaryimage\"},\"thumbnailUrl\":\"https:\\\/\\\/exaudi.org\\\/wp-content\\\/uploads\\\/2024\\\/05\\\/Snapinsta.app_445081723_837654491721420_8235044816801739398_n_1080.jpg\",\"datePublished\":\"2024-05-24T10:11:02+00:00\",\"dateModified\":\"2024-05-24T10:14:12+00:00\",\"author\":{\"@id\":\"https:\\\/\\\/exaudi.org\\\/#\\\/schema\\\/person\\\/f5fc8f063065e38742da7afe15f25df7\"},\"breadcrumb\":{\"@id\":\"https:\\\/\\\/exaudi.org\\\/es\\\/el-papa-crea-en-el-vaticano-la-universidad-del-sentido\\\/#breadcrumb\"},\"inLanguage\":\"es\",\"potentialAction\":[{\"@type\":\"ReadAction\",\"target\":[\"https:\\\/\\\/exaudi.org\\\/es\\\/el-papa-crea-en-el-vaticano-la-universidad-del-sentido\\\/\"]}]},{\"@type\":\"ImageObject\",\"inLanguage\":\"es\",\"@id\":\"https:\\\/\\\/exaudi.org\\\/es\\\/el-papa-crea-en-el-vaticano-la-universidad-del-sentido\\\/#primaryimage\",\"url\":\"https:\\\/\\\/exaudi.org\\\/wp-content\\\/uploads\\\/2024\\\/05\\\/Snapinsta.app_445081723_837654491721420_8235044816801739398_n_1080.jpg\",\"contentUrl\":\"https:\\\/\\\/exaudi.org\\\/wp-content\\\/uploads\\\/2024\\\/05\\\/Snapinsta.app_445081723_837654491721420_8235044816801739398_n_1080.jpg\",\"width\":1080,\"height\":720},{\"@type\":\"BreadcrumbList\",\"@id\":\"https:\\\/\\\/exaudi.org\\\/es\\\/el-papa-crea-en-el-vaticano-la-universidad-del-sentido\\\/#breadcrumb\",\"itemListElement\":[{\"@type\":\"ListItem\",\"position\":1,\"name\":\"Portada\",\"item\":\"https:\\\/\\\/exaudi.org\\\/es\\\/\"},{\"@type\":\"ListItem\",\"position\":2,\"name\":\"El Papa crea en el Vaticano la \u00abUniversidad del Sentido\u00bb\"}]},{\"@type\":\"WebSite\",\"@id\":\"https:\\\/\\\/exaudi.org\\\/#website\",\"url\":\"https:\\\/\\\/exaudi.org\\\/\",\"name\":\"Exaudi\",\"description\":\"News\",\"potentialAction\":[{\"@type\":\"SearchAction\",\"target\":{\"@type\":\"EntryPoint\",\"urlTemplate\":\"https:\\\/\\\/exaudi.org\\\/?s={search_term_string}\"},\"query-input\":{\"@type\":\"PropertyValueSpecification\",\"valueRequired\":true,\"valueName\":\"search_term_string\"}}],\"inLanguage\":\"es\"},{\"@type\":\"Person\",\"@id\":\"https:\\\/\\\/exaudi.org\\\/#\\\/schema\\\/person\\\/f5fc8f063065e38742da7afe15f25df7\",\"name\":\"Exaudi Redacci\u00f3n\",\"image\":{\"@type\":\"ImageObject\",\"inLanguage\":\"es\",\"@id\":\"https:\\\/\\\/secure.gravatar.com\\\/avatar\\\/fe0f6a059fb68d9b3e11bc5850dd4899b1c7492091a3cb6dd9b01b56ad828be2?s=96&d=mm&r=g\",\"url\":\"https:\\\/\\\/secure.gravatar.com\\\/avatar\\\/fe0f6a059fb68d9b3e11bc5850dd4899b1c7492091a3cb6dd9b01b56ad828be2?s=96&d=mm&r=g\",\"contentUrl\":\"https:\\\/\\\/secure.gravatar.com\\\/avatar\\\/fe0f6a059fb68d9b3e11bc5850dd4899b1c7492091a3cb6dd9b01b56ad828be2?s=96&d=mm&r=g\",\"caption\":\"Exaudi Redacci\u00f3n\"},\"description\":\"\u00bfQu\u00e9 es Exaudi News? Exaudi News es un medio de comunicaci\u00f3n cat\u00f3lico internacional que informa, forma y transforma, diariamente en espa\u00f1ol, ingl\u00e9s e italiano. A trav\u00e9s de noticias, art\u00edculos de an\u00e1lisis y transmisiones en directo de los eventos del Papa, Exaudi busca fortalecer la unidad de los cristianos y contribuir a la evangelizaci\u00f3n del mundo, siempre guiados por la doctrina social de la Iglesia. Trabajamos para acercar la verdad y los valores cristianos a cada rinc\u00f3n del planeta. \u00a1Ay\u00fadanos a transformar el mundo con Exaudi! En Exaudi creemos que la evangelizaci\u00f3n y la informaci\u00f3n de calidad pueden cambiar vidas. Para continuar con nuestra misi\u00f3n y expandir nuestro alcance, necesitamos tu ayuda. Adem\u00e1s, buscamos personas comprometidas que deseen unirse a nuestro equipo. Con tu apoyo, lograremos llegar a m\u00e1s personas, difundir el mensaje de Cristo y reforzar la unidad de los cristianos. \u00bfTe unes a nuestra misi\u00f3n? Para m\u00e1s informaci\u00f3n sobre c\u00f3mo colaborar, visita Exaudi.org\\\/es o cont\u00e1ctanos directamente: info@exaudi.org Exaudi: Informa, forma y transforma.\",\"sameAs\":[\"https:\\\/\\\/www.facebook.com\\\/ExaudiNoticias\\\/\",\"https:\\\/\\\/www.instagram.com\\\/exaudi_noticias\\\/\",\"https:\\\/\\\/x.com\\\/Exaudi_noticias\",\"https:\\\/\\\/www.youtube.com\\\/@exaudicatholicnews\"],\"url\":\"https:\\\/\\\/exaudi.org\\\/es\\\/author\\\/redaccionexaudi\\\/\"}]}<\/script>\n<!-- \/ Yoast SEO plugin. -->","yoast_head_json":{"title":"El Papa crea en el Vaticano la \"Universidad del Sentido\" &#8211; Exaudi","robots":{"index":"index","follow":"follow","max-snippet":"max-snippet:-1","max-image-preview":"max-image-preview:large","max-video-preview":"max-video-preview:-1"},"canonical":"https:\/\/exaudi.org\/es\/el-papa-crea-en-el-vaticano-la-universidad-del-sentido\/","og_locale":"es_ES","og_type":"article","og_title":"El Papa crea en el Vaticano la \"Universidad del Sentido\" &#8211; Exaudi","og_description":"Se trata de una instituci\u00f3n educativa universitaria civil\" con sede en la Ciudad del Vaticano\" que quiere responder a la crisis global de sentido y representar un lugar acogedor donde reimaginar la educaci\u00f3n, centr\u00e1ndose en la persona en su singularidad y en la comunidad como expresi\u00f3n de pluralidad","og_url":"https:\/\/exaudi.org\/es\/el-papa-crea-en-el-vaticano-la-universidad-del-sentido\/","og_site_name":"Exaudi","article_publisher":"https:\/\/www.facebook.com\/ExaudiNews","article_author":"https:\/\/www.facebook.com\/ExaudiNoticias\/","article_published_time":"2024-05-24T10:11:02+00:00","article_modified_time":"2024-05-24T10:14:12+00:00","og_image":[{"width":1080,"height":720,"url":"https:\/\/exaudi.org\/wp-content\/uploads\/2024\/05\/Snapinsta.app_445081723_837654491721420_8235044816801739398_n_1080.jpg","type":"image\/jpeg"}],"author":"Exaudi Redacci\u00f3n","twitter_card":"summary_large_image","twitter_creator":"@Exaudi_noticias","twitter_site":"@Exaudi_News","twitter_misc":{"Escrito por":"Exaudi Redacci\u00f3n","Tiempo de lectura":"4 minutos"},"schema":{"@context":"https:\/\/schema.org","@graph":[{"@type":"Article","@id":"https:\/\/exaudi.org\/es\/el-papa-crea-en-el-vaticano-la-universidad-del-sentido\/#article","isPartOf":{"@id":"https:\/\/exaudi.org\/es\/el-papa-crea-en-el-vaticano-la-universidad-del-sentido\/"},"author":{"name":"Exaudi Redacci\u00f3n","@id":"https:\/\/exaudi.org\/#\/schema\/person\/f5fc8f063065e38742da7afe15f25df7"},"headline":"El Papa crea en el Vaticano la \u00abUniversidad del Sentido\u00bb","datePublished":"2024-05-24T10:11:02+00:00","dateModified":"2024-05-24T10:14:12+00:00","mainEntityOfPage":{"@id":"https:\/\/exaudi.org\/es\/el-papa-crea-en-el-vaticano-la-universidad-del-sentido\/"},"wordCount":744,"image":{"@id":"https:\/\/exaudi.org\/es\/el-papa-crea-en-el-vaticano-la-universidad-del-sentido\/#primaryimage"},"thumbnailUrl":"https:\/\/exaudi.org\/wp-content\/uploads\/2024\/05\/Snapinsta.app_445081723_837654491721420_8235044816801739398_n_1080.jpg","keywords":["Am\u00e9rica Latina","Aprendizaje","Arte","c\u00e1tedras Scholas","Comunidad","crisis global de sentido","cultura","diversidad","Educaci\u00f3n","Europa","experiencias vitales","human\u00edsticos","intercultural","intergeneracional","interreligioso","lenguajes cient\u00edficos","papa francisco","proyectos para j\u00f3venes","Scholas Occurrentes","singularidad","Tecnolog\u00eda","Trending","Universidad del Sentido","Vaticano"],"articleSection":["Le\u00f3n XIV"],"inLanguage":"es"},{"@type":"WebPage","@id":"https:\/\/exaudi.org\/es\/el-papa-crea-en-el-vaticano-la-universidad-del-sentido\/","url":"https:\/\/exaudi.org\/es\/el-papa-crea-en-el-vaticano-la-universidad-del-sentido\/","name":"El Papa crea en el Vaticano la \"Universidad del Sentido\" &#8211; Exaudi","isPartOf":{"@id":"https:\/\/exaudi.org\/#website"},"primaryImageOfPage":{"@id":"https:\/\/exaudi.org\/es\/el-papa-crea-en-el-vaticano-la-universidad-del-sentido\/#primaryimage"},"image":{"@id":"https:\/\/exaudi.org\/es\/el-papa-crea-en-el-vaticano-la-universidad-del-sentido\/#primaryimage"},"thumbnailUrl":"https:\/\/exaudi.org\/wp-content\/uploads\/2024\/05\/Snapinsta.app_445081723_837654491721420_8235044816801739398_n_1080.jpg","datePublished":"2024-05-24T10:11:02+00:00","dateModified":"2024-05-24T10:14:12+00:00","author":{"@id":"https:\/\/exaudi.org\/#\/schema\/person\/f5fc8f063065e38742da7afe15f25df7"},"breadcrumb":{"@id":"https:\/\/exaudi.org\/es\/el-papa-crea-en-el-vaticano-la-universidad-del-sentido\/#breadcrumb"},"inLanguage":"es","potentialAction":[{"@type":"ReadAction","target":["https:\/\/exaudi.org\/es\/el-papa-crea-en-el-vaticano-la-universidad-del-sentido\/"]}]},{"@type":"ImageObject","inLanguage":"es","@id":"https:\/\/exaudi.org\/es\/el-papa-crea-en-el-vaticano-la-universidad-del-sentido\/#primaryimage","url":"https:\/\/exaudi.org\/wp-content\/uploads\/2024\/05\/Snapinsta.app_445081723_837654491721420_8235044816801739398_n_1080.jpg","contentUrl":"https:\/\/exaudi.org\/wp-content\/uploads\/2024\/05\/Snapinsta.app_445081723_837654491721420_8235044816801739398_n_1080.jpg","width":1080,"height":720},{"@type":"BreadcrumbList","@id":"https:\/\/exaudi.org\/es\/el-papa-crea-en-el-vaticano-la-universidad-del-sentido\/#breadcrumb","itemListElement":[{"@type":"ListItem","position":1,"name":"Portada","item":"https:\/\/exaudi.org\/es\/"},{"@type":"ListItem","position":2,"name":"El Papa crea en el Vaticano la \u00abUniversidad del Sentido\u00bb"}]},{"@type":"WebSite","@id":"https:\/\/exaudi.org\/#website","url":"https:\/\/exaudi.org\/","name":"Exaudi","description":"News","potentialAction":[{"@type":"SearchAction","target":{"@type":"EntryPoint","urlTemplate":"https:\/\/exaudi.org\/?s={search_term_string}"},"query-input":{"@type":"PropertyValueSpecification","valueRequired":true,"valueName":"search_term_string"}}],"inLanguage":"es"},{"@type":"Person","@id":"https:\/\/exaudi.org\/#\/schema\/person\/f5fc8f063065e38742da7afe15f25df7","name":"Exaudi Redacci\u00f3n","image":{"@type":"ImageObject","inLanguage":"es","@id":"https:\/\/secure.gravatar.com\/avatar\/fe0f6a059fb68d9b3e11bc5850dd4899b1c7492091a3cb6dd9b01b56ad828be2?s=96&d=mm&r=g","url":"https:\/\/secure.gravatar.com\/avatar\/fe0f6a059fb68d9b3e11bc5850dd4899b1c7492091a3cb6dd9b01b56ad828be2?s=96&d=mm&r=g","contentUrl":"https:\/\/secure.gravatar.com\/avatar\/fe0f6a059fb68d9b3e11bc5850dd4899b1c7492091a3cb6dd9b01b56ad828be2?s=96&d=mm&r=g","caption":"Exaudi Redacci\u00f3n"},"description":"\u00bfQu\u00e9 es Exaudi News? Exaudi News es un medio de comunicaci\u00f3n cat\u00f3lico internacional que informa, forma y transforma, diariamente en espa\u00f1ol, ingl\u00e9s e italiano. A trav\u00e9s de noticias, art\u00edculos de an\u00e1lisis y transmisiones en directo de los eventos del Papa, Exaudi busca fortalecer la unidad de los cristianos y contribuir a la evangelizaci\u00f3n del mundo, siempre guiados por la doctrina social de la Iglesia. Trabajamos para acercar la verdad y los valores cristianos a cada rinc\u00f3n del planeta. \u00a1Ay\u00fadanos a transformar el mundo con Exaudi! En Exaudi creemos que la evangelizaci\u00f3n y la informaci\u00f3n de calidad pueden cambiar vidas. Para continuar con nuestra misi\u00f3n y expandir nuestro alcance, necesitamos tu ayuda. Adem\u00e1s, buscamos personas comprometidas que deseen unirse a nuestro equipo. Con tu apoyo, lograremos llegar a m\u00e1s personas, difundir el mensaje de Cristo y reforzar la unidad de los cristianos. \u00bfTe unes a nuestra misi\u00f3n? Para m\u00e1s informaci\u00f3n sobre c\u00f3mo colaborar, visita Exaudi.org\/es o cont\u00e1ctanos directamente: info@exaudi.org Exaudi: Informa, forma y transforma.","sameAs":["https:\/\/www.facebook.com\/ExaudiNoticias\/","https:\/\/www.instagram.com\/exaudi_noticias\/","https:\/\/x.com\/Exaudi_noticias","https:\/\/www.youtube.com\/@exaudicatholicnews"],"url":"https:\/\/exaudi.org\/es\/author\/redaccionexaudi\/"}]}},"jetpack_featured_media_url":"https:\/\/exaudi.org\/wp-content\/uploads\/2024\/05\/Snapinsta.app_445081723_837654491721420_8235044816801739398_n_1080.jpg","jetpack_shortlink":"https:\/\/wp.me\/pgKjF2-qmn","_links":{"self":[{"href":"https:\/\/exaudi.org\/es\/wp-json\/wp\/v2\/posts\/101331","targetHints":{"allow":["GET"]}}],"collection":[{"href":"https:\/\/exaudi.org\/es\/wp-json\/wp\/v2\/posts"}],"about":[{"href":"https:\/\/exaudi.org\/es\/wp-json\/wp\/v2\/types\/post"}],"author":[{"embeddable":true,"href":"https:\/\/exaudi.org\/es\/wp-json\/wp\/v2\/users\/15"}],"replies":[{"embeddable":true,"href":"https:\/\/exaudi.org\/es\/wp-json\/wp\/v2\/comments?post=101331"}],"version-history":[{"count":0,"href":"https:\/\/exaudi.org\/es\/wp-json\/wp\/v2\/posts\/101331\/revisions"}],"wp:featuredmedia":[{"embeddable":true,"href":"https:\/\/exaudi.org\/es\/wp-json\/wp\/v2\/media\/101339"}],"wp:attachment":[{"href":"https:\/\/exaudi.org\/es\/wp-json\/wp\/v2\/media?parent=101331"}],"wp:term":[{"taxonomy":"category","embeddable":true,"href":"https:\/\/exaudi.org\/es\/wp-json\/wp\/v2\/categories?post=101331"},{"taxonomy":"post_tag","embeddable":true,"href":"https:\/\/exaudi.org\/es\/wp-json\/wp\/v2\/tags?post=101331"}],"curies":[{"name":"wp","href":"https:\/\/api.w.org\/{rel}","templated":true}]}}