{"id":100997,"date":"2024-05-21T10:41:26","date_gmt":"2024-05-21T08:41:26","guid":{"rendered":"https:\/\/exaudi.org\/?p=100997"},"modified":"2024-05-21T11:19:19","modified_gmt":"2024-05-21T09:19:19","slug":"la-verdadera-amistad","status":"publish","type":"post","link":"https:\/\/exaudi.org\/es\/la-verdadera-amistad\/","title":{"rendered":"La verdadera amistad"},"content":{"rendered":"<audio class=\"wp-audio-shortcode\" id=\"audio-100997-1\" preload=\"none\" style=\"width: 100%;\" controls=\"controls\"><source type=\"audio\/mpeg\" src=\"https:\/\/exaudi.org\/wp-content\/uploads\/2024\/05\/La-verdadera-amistad.mp3?_=1\" \/><a href=\"https:\/\/exaudi.org\/wp-content\/uploads\/2024\/05\/La-verdadera-amistad.mp3\">https:\/\/exaudi.org\/wp-content\/uploads\/2024\/05\/La-verdadera-amistad.mp3<\/a><\/audio>\n<p>La amistad es un v\u00ednculo o relaci\u00f3n afectiva entre dos o m\u00e1s personas, que se rige por valores imprescindibles tales como: la confianza, la lealtad, el amor, la generosidad, la incondicionalidad, la sinceridad y el compromiso. Aunque la amistad como valor es tambi\u00e9n un valor personal en s\u00ed mismo. La amistad se funda sobre un sentimiento desinteresado, apareciendo espont\u00e1neamente.<\/p>\n<p>Una amistad ser\u00e1 sincera cuando la persona lo d\u00e9 todo de s\u00ed sin esperar nada a cambio, aunque es necesario que el inter\u00e9s, la predisposici\u00f3n, la continuidad y el v\u00ednculo sean rec\u00edprocos. La amistad es una relaci\u00f3n sim\u00e9trica en la que ambos dan y reciben. Una relaci\u00f3n en la que hay una cierta reciprocidad din\u00e1mica. Una relaci\u00f3n en definitiva, en la que ambas partes se enriquecen del trato. Pero bien es cierto que para algunas personas la amistad se asemeja m\u00e1s a una relaci\u00f3n parasitaria.<\/p>\n<p>Muchas personas confunden la amistad con darlo todo a cambio de algo de cari\u00f1o y reconocimiento. La amistad no es drama, la amistad no es entrega incondicional, la amistad no es abusar de una persona y de sus recursos.<\/p>\n<p>Siempre he pensado que es mejor estar solo que mal acompa\u00f1ado. Cuando queremos estar acompa\u00f1ados a cualquier precio, en realidad, estamos activando una llamada que act\u00faa como un reclamo para personas que no van a dudar en aprovecharse de tu necesidad a cambio de nada.<\/p>\n<p>A veces nos cuesta encontrar amigos porque no estamos en el contexto adecuado y sufrimos por ello. A veces necesitamos tener amigos a cualquier precio y somos capaces de hacer aut\u00e9nticas barbaridades para mantener el \u00abcari\u00f1o\u00bb y la \u00abamistad\u00bb de nuestros mal llamados amigos.<\/p>\n<p>\u00bfC\u00f3mo es un buen amigo? Unas caracter\u00edsticas son esenciales y otras, accesorias. Un amigo es alguien con quien est\u00e1s bien, disfrutas, compartes buenos momentos&#8230; Pero para diferenciar uno bueno de uno malo lo importante es observar si la relaci\u00f3n es o no rec\u00edproca. Cuando no est\u00e1is al mismo nivel, cuando la relaci\u00f3n es parasitaria, no es una buena amistad. Una relaci\u00f3n de amistad buena es aquella en la que\u00a0 uno da y el otro tambi\u00e9n y todo est\u00e1 equilibrado.<\/p>\n<p>En la verdadera amistad ambos desean compartir su tiempo juntos, ambos se sienten libres de poder compartir libremente, discutiendo sus desacuerdos sin tratar de imponerse uno sobre el otro, se comparten las alegr\u00edas y se hace m\u00e1s amena la adversidad. Los verdaderos amigos crecen juntos como personas, son sinceros entre ellos, buscan entenderte sin juzgarte, mantienen una preocupaci\u00f3n constante por ti, saben escucharte y ayudarte cuando te haga falta.<\/p>\n<p>Lo que sucede es que a menudo, bajo el supuesto paraguas de la amistad, algunas personas se dedican a saquear a la otra persona, a agotar sus recursos y a pedir favores continuamente. Y esto es complicado pues resulta que cuando t\u00fa a ese supuesto amigo le dices que necesitas un favor entonces recibes una negativa como respuesta. Y es ah\u00ed donde te das cuenta de que la relaci\u00f3n no es equilibrada sino parasitaria.<\/p>\n<p>Hay que mirar las acciones y los hechos, no las palabras. Porque hablar y prometer es muy f\u00e1cil, pero los hechos son los que demuestran si hay reciprocidad en la relaci\u00f3n de amistad.<\/p>\n<p>Una amistad verdadera es una amistad para toda una vida y por ello es muy importante valorar cu\u00e1les son aquellas amistades que vale la pena que permanezcan a nuestro lado.<\/p>\n<p><em><strong>Juan Andr\u00e9s Segura &#8211;\u00a0Colaborador de Enraizados<\/strong><\/em><\/p>\n<p><a href=\"https:\/\/open.spotify.com\/episode\/31bUbVy8x8Dlc805cQDoJP?si=88bdf7ec42094a56\" target=\"_blank\" rel=\"noopener\"><strong>Spotify<\/strong><\/a><\/p>\n<p><img loading=\"lazy\" decoding=\"async\" class=\"size-full wp-image-101002 alignnone\" src=\"https:\/\/exaudi.org\/wp-content\/uploads\/2024\/05\/Enraizados-1-1.jpg\" alt=\"\" width=\"1080\" height=\"1080\" srcset=\"https:\/\/exaudi.org\/wp-content\/uploads\/2024\/05\/Enraizados-1-1.jpg 1080w, https:\/\/exaudi.org\/wp-content\/uploads\/2024\/05\/Enraizados-1-1-300x300.jpg 300w, https:\/\/exaudi.org\/wp-content\/uploads\/2024\/05\/Enraizados-1-1-1024x1024.jpg 1024w, https:\/\/exaudi.org\/wp-content\/uploads\/2024\/05\/Enraizados-1-1-100x100.jpg?crop=1 100w, https:\/\/exaudi.org\/wp-content\/uploads\/2024\/05\/Enraizados-1-1-770x770.jpg 770w, https:\/\/exaudi.org\/wp-content\/uploads\/2024\/05\/Enraizados-1-1-500x500.jpg 500w, https:\/\/exaudi.org\/wp-content\/uploads\/2024\/05\/Enraizados-1-1-293x293.jpg 293w, https:\/\/exaudi.org\/wp-content\/uploads\/2024\/05\/Enraizados-1-1-390x390.jpg 390w, https:\/\/exaudi.org\/wp-content\/uploads\/2024\/05\/Enraizados-1-1-585x585.jpg 585w, https:\/\/exaudi.org\/wp-content\/uploads\/2024\/05\/Enraizados-1-1-900x900.jpg 900w\" sizes=\"auto, (max-width: 1080px) 100vw, 1080px\" \/><\/p>\n","protected":false},"excerpt":{"rendered":"<p>\u00bfC\u00f3mo es un buen amigo?<\/p>\n","protected":false},"author":123,"featured_media":100998,"comment_status":"closed","ping_status":"closed","sticky":false,"template":"","format":"standard","meta":{"_acf_changed":false,"_crdt_document":"","inline_featured_image":false,"footnotes":""},"categories":[130],"tags":[5844,10142,16073,14094,16072,15536,4953,2783,7218,16071],"class_list":["post-100997","post","type-post","status-publish","format-standard","has-post-thumbnail","hentry","category-voces","tag-amistad","tag-asociacion-enraizados","tag-genuina","tag-juan-andres-segura","tag-reciprocidad","tag-relaciones","tag-trending-es","tag-unidad","tag-valores","tag-verdadera"],"acf":[],"yoast_head":"<!-- This site is optimized with the Yoast SEO plugin v27.5 - https:\/\/yoast.com\/product\/yoast-seo-wordpress\/ -->\n<title>La verdadera amistad &#8211; Exaudi<\/title>\n<meta name=\"robots\" content=\"index, follow, max-snippet:-1, max-image-preview:large, max-video-preview:-1\" \/>\n<link rel=\"canonical\" href=\"https:\/\/exaudi.org\/es\/la-verdadera-amistad\/\" \/>\n<meta property=\"og:locale\" content=\"es_ES\" \/>\n<meta property=\"og:type\" content=\"article\" \/>\n<meta property=\"og:title\" content=\"La verdadera amistad &#8211; Exaudi\" \/>\n<meta property=\"og:description\" content=\"\u00bfC\u00f3mo es un buen amigo?\" \/>\n<meta property=\"og:url\" content=\"https:\/\/exaudi.org\/es\/la-verdadera-amistad\/\" \/>\n<meta property=\"og:site_name\" content=\"Exaudi\" \/>\n<meta property=\"article:publisher\" content=\"https:\/\/www.facebook.com\/ExaudiNews\" \/>\n<meta property=\"article:author\" content=\"https:\/\/www.facebook.com\/asociacionenraizados\" \/>\n<meta property=\"article:published_time\" content=\"2024-05-21T08:41:26+00:00\" \/>\n<meta property=\"article:modified_time\" content=\"2024-05-21T09:19:19+00:00\" \/>\n<meta property=\"og:image\" content=\"https:\/\/exaudi.org\/wp-content\/uploads\/2024\/05\/pexels-sudip-paul-1081443-2738167-scaled.jpg\" \/>\n\t<meta property=\"og:image:width\" content=\"2560\" \/>\n\t<meta property=\"og:image:height\" content=\"1862\" \/>\n\t<meta property=\"og:image:type\" content=\"image\/jpeg\" \/>\n<meta name=\"author\" content=\"Enraizados\" \/>\n<meta name=\"twitter:card\" content=\"summary_large_image\" \/>\n<meta name=\"twitter:creator\" content=\"@https:\/\/twitter.com\/asocenraizados\/\" \/>\n<meta name=\"twitter:site\" content=\"@Exaudi_News\" \/>\n<meta name=\"twitter:label1\" content=\"Escrito por\" \/>\n\t<meta name=\"twitter:data1\" content=\"Enraizados\" \/>\n\t<meta name=\"twitter:label2\" content=\"Tiempo de lectura\" \/>\n\t<meta name=\"twitter:data2\" content=\"3 minutos\" \/>\n<script type=\"application\/ld+json\" class=\"yoast-schema-graph\">{\"@context\":\"https:\\\/\\\/schema.org\",\"@graph\":[{\"@type\":\"Article\",\"@id\":\"https:\\\/\\\/exaudi.org\\\/es\\\/la-verdadera-amistad\\\/#article\",\"isPartOf\":{\"@id\":\"https:\\\/\\\/exaudi.org\\\/es\\\/la-verdadera-amistad\\\/\"},\"author\":{\"name\":\"Enraizados\",\"@id\":\"https:\\\/\\\/exaudi.org\\\/#\\\/schema\\\/person\\\/20d66a3249df43321f92e55f42e42e4a\"},\"headline\":\"La verdadera amistad\",\"datePublished\":\"2024-05-21T08:41:26+00:00\",\"dateModified\":\"2024-05-21T09:19:19+00:00\",\"mainEntityOfPage\":{\"@id\":\"https:\\\/\\\/exaudi.org\\\/es\\\/la-verdadera-amistad\\\/\"},\"wordCount\":617,\"image\":{\"@id\":\"https:\\\/\\\/exaudi.org\\\/es\\\/la-verdadera-amistad\\\/#primaryimage\"},\"thumbnailUrl\":\"https:\\\/\\\/exaudi.org\\\/wp-content\\\/uploads\\\/2024\\\/05\\\/pexels-sudip-paul-1081443-2738167-scaled.jpg\",\"keywords\":[\"Amistad\",\"Asociaci\u00f3n Enraizados\",\"Genuina\",\"Juan Andr\u00e9s Segura\",\"Reciprocidad\",\"relaciones\",\"Trending\",\"Unidad\",\"Valores\",\"Verdadera\"],\"articleSection\":[\"Voces\"],\"inLanguage\":\"es\"},{\"@type\":\"WebPage\",\"@id\":\"https:\\\/\\\/exaudi.org\\\/es\\\/la-verdadera-amistad\\\/\",\"url\":\"https:\\\/\\\/exaudi.org\\\/es\\\/la-verdadera-amistad\\\/\",\"name\":\"La verdadera amistad &#8211; Exaudi\",\"isPartOf\":{\"@id\":\"https:\\\/\\\/exaudi.org\\\/#website\"},\"primaryImageOfPage\":{\"@id\":\"https:\\\/\\\/exaudi.org\\\/es\\\/la-verdadera-amistad\\\/#primaryimage\"},\"image\":{\"@id\":\"https:\\\/\\\/exaudi.org\\\/es\\\/la-verdadera-amistad\\\/#primaryimage\"},\"thumbnailUrl\":\"https:\\\/\\\/exaudi.org\\\/wp-content\\\/uploads\\\/2024\\\/05\\\/pexels-sudip-paul-1081443-2738167-scaled.jpg\",\"datePublished\":\"2024-05-21T08:41:26+00:00\",\"dateModified\":\"2024-05-21T09:19:19+00:00\",\"author\":{\"@id\":\"https:\\\/\\\/exaudi.org\\\/#\\\/schema\\\/person\\\/20d66a3249df43321f92e55f42e42e4a\"},\"breadcrumb\":{\"@id\":\"https:\\\/\\\/exaudi.org\\\/es\\\/la-verdadera-amistad\\\/#breadcrumb\"},\"inLanguage\":\"es\",\"potentialAction\":[{\"@type\":\"ReadAction\",\"target\":[\"https:\\\/\\\/exaudi.org\\\/es\\\/la-verdadera-amistad\\\/\"]}]},{\"@type\":\"ImageObject\",\"inLanguage\":\"es\",\"@id\":\"https:\\\/\\\/exaudi.org\\\/es\\\/la-verdadera-amistad\\\/#primaryimage\",\"url\":\"https:\\\/\\\/exaudi.org\\\/wp-content\\\/uploads\\\/2024\\\/05\\\/pexels-sudip-paul-1081443-2738167-scaled.jpg\",\"contentUrl\":\"https:\\\/\\\/exaudi.org\\\/wp-content\\\/uploads\\\/2024\\\/05\\\/pexels-sudip-paul-1081443-2738167-scaled.jpg\",\"width\":2560,\"height\":1862},{\"@type\":\"BreadcrumbList\",\"@id\":\"https:\\\/\\\/exaudi.org\\\/es\\\/la-verdadera-amistad\\\/#breadcrumb\",\"itemListElement\":[{\"@type\":\"ListItem\",\"position\":1,\"name\":\"Portada\",\"item\":\"https:\\\/\\\/exaudi.org\\\/es\\\/\"},{\"@type\":\"ListItem\",\"position\":2,\"name\":\"La verdadera amistad\"}]},{\"@type\":\"WebSite\",\"@id\":\"https:\\\/\\\/exaudi.org\\\/#website\",\"url\":\"https:\\\/\\\/exaudi.org\\\/\",\"name\":\"Exaudi\",\"description\":\"News\",\"potentialAction\":[{\"@type\":\"SearchAction\",\"target\":{\"@type\":\"EntryPoint\",\"urlTemplate\":\"https:\\\/\\\/exaudi.org\\\/?s={search_term_string}\"},\"query-input\":{\"@type\":\"PropertyValueSpecification\",\"valueRequired\":true,\"valueName\":\"search_term_string\"}}],\"inLanguage\":\"es\"},{\"@type\":\"Person\",\"@id\":\"https:\\\/\\\/exaudi.org\\\/#\\\/schema\\\/person\\\/20d66a3249df43321f92e55f42e42e4a\",\"name\":\"Enraizados\",\"image\":{\"@type\":\"ImageObject\",\"inLanguage\":\"es\",\"@id\":\"https:\\\/\\\/secure.gravatar.com\\\/avatar\\\/766befbb46a56201d09facd10f18b7d0b7764f075a7f94099d7102d86fc2f90b?s=96&d=mm&r=g\",\"url\":\"https:\\\/\\\/secure.gravatar.com\\\/avatar\\\/766befbb46a56201d09facd10f18b7d0b7764f075a7f94099d7102d86fc2f90b?s=96&d=mm&r=g\",\"contentUrl\":\"https:\\\/\\\/secure.gravatar.com\\\/avatar\\\/766befbb46a56201d09facd10f18b7d0b7764f075a7f94099d7102d86fc2f90b?s=96&d=mm&r=g\",\"caption\":\"Enraizados\"},\"description\":\"Trabajando desde 2012 por mejorar la sociedad en la que vivimos La Asociaci\u00f3n Enraizados en Cristo y en la Sociedad nace en el a\u00f1o 2012 con el objetivo de ser una voz cat\u00f3lica en la vida p\u00fablica, aportando una perspectiva cristiana a la visi\u00f3n de la vida y sus acontecimientos en la sociedad actual, tanto en Espa\u00f1a como en el Mundo.\",\"sameAs\":[\"https:\\\/\\\/enraizados.org\\\/\",\"https:\\\/\\\/www.facebook.com\\\/asociacionenraizados\",\"https:\\\/\\\/www.instagram.com\\\/asociacionenraizados\\\/\",\"https:\\\/\\\/x.com\\\/https:\\\/\\\/twitter.com\\\/asocenraizados\\\/\",\"https:\\\/\\\/www.youtube.com\\\/@AsociacionEnraizados\"],\"url\":\"https:\\\/\\\/exaudi.org\\\/es\\\/author\\\/enraizados\\\/\"}]}<\/script>\n<!-- \/ Yoast SEO plugin. -->","yoast_head_json":{"title":"La verdadera amistad &#8211; Exaudi","robots":{"index":"index","follow":"follow","max-snippet":"max-snippet:-1","max-image-preview":"max-image-preview:large","max-video-preview":"max-video-preview:-1"},"canonical":"https:\/\/exaudi.org\/es\/la-verdadera-amistad\/","og_locale":"es_ES","og_type":"article","og_title":"La verdadera amistad &#8211; Exaudi","og_description":"\u00bfC\u00f3mo es un buen amigo?","og_url":"https:\/\/exaudi.org\/es\/la-verdadera-amistad\/","og_site_name":"Exaudi","article_publisher":"https:\/\/www.facebook.com\/ExaudiNews","article_author":"https:\/\/www.facebook.com\/asociacionenraizados","article_published_time":"2024-05-21T08:41:26+00:00","article_modified_time":"2024-05-21T09:19:19+00:00","og_image":[{"width":2560,"height":1862,"url":"https:\/\/exaudi.org\/wp-content\/uploads\/2024\/05\/pexels-sudip-paul-1081443-2738167-scaled.jpg","type":"image\/jpeg"}],"author":"Enraizados","twitter_card":"summary_large_image","twitter_creator":"@https:\/\/twitter.com\/asocenraizados\/","twitter_site":"@Exaudi_News","twitter_misc":{"Escrito por":"Enraizados","Tiempo de lectura":"3 minutos"},"schema":{"@context":"https:\/\/schema.org","@graph":[{"@type":"Article","@id":"https:\/\/exaudi.org\/es\/la-verdadera-amistad\/#article","isPartOf":{"@id":"https:\/\/exaudi.org\/es\/la-verdadera-amistad\/"},"author":{"name":"Enraizados","@id":"https:\/\/exaudi.org\/#\/schema\/person\/20d66a3249df43321f92e55f42e42e4a"},"headline":"La verdadera amistad","datePublished":"2024-05-21T08:41:26+00:00","dateModified":"2024-05-21T09:19:19+00:00","mainEntityOfPage":{"@id":"https:\/\/exaudi.org\/es\/la-verdadera-amistad\/"},"wordCount":617,"image":{"@id":"https:\/\/exaudi.org\/es\/la-verdadera-amistad\/#primaryimage"},"thumbnailUrl":"https:\/\/exaudi.org\/wp-content\/uploads\/2024\/05\/pexels-sudip-paul-1081443-2738167-scaled.jpg","keywords":["Amistad","Asociaci\u00f3n Enraizados","Genuina","Juan Andr\u00e9s Segura","Reciprocidad","relaciones","Trending","Unidad","Valores","Verdadera"],"articleSection":["Voces"],"inLanguage":"es"},{"@type":"WebPage","@id":"https:\/\/exaudi.org\/es\/la-verdadera-amistad\/","url":"https:\/\/exaudi.org\/es\/la-verdadera-amistad\/","name":"La verdadera amistad &#8211; Exaudi","isPartOf":{"@id":"https:\/\/exaudi.org\/#website"},"primaryImageOfPage":{"@id":"https:\/\/exaudi.org\/es\/la-verdadera-amistad\/#primaryimage"},"image":{"@id":"https:\/\/exaudi.org\/es\/la-verdadera-amistad\/#primaryimage"},"thumbnailUrl":"https:\/\/exaudi.org\/wp-content\/uploads\/2024\/05\/pexels-sudip-paul-1081443-2738167-scaled.jpg","datePublished":"2024-05-21T08:41:26+00:00","dateModified":"2024-05-21T09:19:19+00:00","author":{"@id":"https:\/\/exaudi.org\/#\/schema\/person\/20d66a3249df43321f92e55f42e42e4a"},"breadcrumb":{"@id":"https:\/\/exaudi.org\/es\/la-verdadera-amistad\/#breadcrumb"},"inLanguage":"es","potentialAction":[{"@type":"ReadAction","target":["https:\/\/exaudi.org\/es\/la-verdadera-amistad\/"]}]},{"@type":"ImageObject","inLanguage":"es","@id":"https:\/\/exaudi.org\/es\/la-verdadera-amistad\/#primaryimage","url":"https:\/\/exaudi.org\/wp-content\/uploads\/2024\/05\/pexels-sudip-paul-1081443-2738167-scaled.jpg","contentUrl":"https:\/\/exaudi.org\/wp-content\/uploads\/2024\/05\/pexels-sudip-paul-1081443-2738167-scaled.jpg","width":2560,"height":1862},{"@type":"BreadcrumbList","@id":"https:\/\/exaudi.org\/es\/la-verdadera-amistad\/#breadcrumb","itemListElement":[{"@type":"ListItem","position":1,"name":"Portada","item":"https:\/\/exaudi.org\/es\/"},{"@type":"ListItem","position":2,"name":"La verdadera amistad"}]},{"@type":"WebSite","@id":"https:\/\/exaudi.org\/#website","url":"https:\/\/exaudi.org\/","name":"Exaudi","description":"News","potentialAction":[{"@type":"SearchAction","target":{"@type":"EntryPoint","urlTemplate":"https:\/\/exaudi.org\/?s={search_term_string}"},"query-input":{"@type":"PropertyValueSpecification","valueRequired":true,"valueName":"search_term_string"}}],"inLanguage":"es"},{"@type":"Person","@id":"https:\/\/exaudi.org\/#\/schema\/person\/20d66a3249df43321f92e55f42e42e4a","name":"Enraizados","image":{"@type":"ImageObject","inLanguage":"es","@id":"https:\/\/secure.gravatar.com\/avatar\/766befbb46a56201d09facd10f18b7d0b7764f075a7f94099d7102d86fc2f90b?s=96&d=mm&r=g","url":"https:\/\/secure.gravatar.com\/avatar\/766befbb46a56201d09facd10f18b7d0b7764f075a7f94099d7102d86fc2f90b?s=96&d=mm&r=g","contentUrl":"https:\/\/secure.gravatar.com\/avatar\/766befbb46a56201d09facd10f18b7d0b7764f075a7f94099d7102d86fc2f90b?s=96&d=mm&r=g","caption":"Enraizados"},"description":"Trabajando desde 2012 por mejorar la sociedad en la que vivimos La Asociaci\u00f3n Enraizados en Cristo y en la Sociedad nace en el a\u00f1o 2012 con el objetivo de ser una voz cat\u00f3lica en la vida p\u00fablica, aportando una perspectiva cristiana a la visi\u00f3n de la vida y sus acontecimientos en la sociedad actual, tanto en Espa\u00f1a como en el Mundo.","sameAs":["https:\/\/enraizados.org\/","https:\/\/www.facebook.com\/asociacionenraizados","https:\/\/www.instagram.com\/asociacionenraizados\/","https:\/\/x.com\/https:\/\/twitter.com\/asocenraizados\/","https:\/\/www.youtube.com\/@AsociacionEnraizados"],"url":"https:\/\/exaudi.org\/es\/author\/enraizados\/"}]}},"jetpack_featured_media_url":"https:\/\/exaudi.org\/wp-content\/uploads\/2024\/05\/pexels-sudip-paul-1081443-2738167-scaled.jpg","jetpack_shortlink":"https:\/\/wp.me\/pgKjF2-qgZ","_links":{"self":[{"href":"https:\/\/exaudi.org\/es\/wp-json\/wp\/v2\/posts\/100997","targetHints":{"allow":["GET"]}}],"collection":[{"href":"https:\/\/exaudi.org\/es\/wp-json\/wp\/v2\/posts"}],"about":[{"href":"https:\/\/exaudi.org\/es\/wp-json\/wp\/v2\/types\/post"}],"author":[{"embeddable":true,"href":"https:\/\/exaudi.org\/es\/wp-json\/wp\/v2\/users\/123"}],"replies":[{"embeddable":true,"href":"https:\/\/exaudi.org\/es\/wp-json\/wp\/v2\/comments?post=100997"}],"version-history":[{"count":0,"href":"https:\/\/exaudi.org\/es\/wp-json\/wp\/v2\/posts\/100997\/revisions"}],"wp:featuredmedia":[{"embeddable":true,"href":"https:\/\/exaudi.org\/es\/wp-json\/wp\/v2\/media\/100998"}],"wp:attachment":[{"href":"https:\/\/exaudi.org\/es\/wp-json\/wp\/v2\/media?parent=100997"}],"wp:term":[{"taxonomy":"category","embeddable":true,"href":"https:\/\/exaudi.org\/es\/wp-json\/wp\/v2\/categories?post=100997"},{"taxonomy":"post_tag","embeddable":true,"href":"https:\/\/exaudi.org\/es\/wp-json\/wp\/v2\/tags?post=100997"}],"curies":[{"name":"wp","href":"https:\/\/api.w.org\/{rel}","templated":true}]}}