{"id":100820,"date":"2024-05-19T13:26:09","date_gmt":"2024-05-19T11:26:09","guid":{"rendered":"https:\/\/exaudi.org\/?p=100820"},"modified":"2024-05-19T13:32:50","modified_gmt":"2024-05-19T11:32:50","slug":"el-espiritu-santo-actua-transformando-sus-corazones-e-infundiendoles-una-audacia-q","status":"publish","type":"post","link":"https:\/\/exaudi.org\/es\/el-espiritu-santo-actua-transformando-sus-corazones-e-infundiendoles-una-audacia-q\/","title":{"rendered":"El Papa: El Esp\u00edritu nos da la fuerza para salir y llamar a todos con bondad"},"content":{"rendered":"<p>En la homil\u00eda de la misa de este domingo de Pentecost\u00e9s, celebrada en la bas\u00edlica vaticana, Francisco invita a llevar el anuncio del Evangelio con fuerza pero sin imposiciones y con amabilidad para que todos sean acogidos. El Esp\u00edritu Santo -explica- nos ayuda en los momentos de lucha a salir fortalecidos y es un \u00abhu\u00e9sped dulce y consolador\u00bb.<\/p>\n<p>***<\/p>\n<h3><strong>Homil\u00eda del Papa<\/strong><\/h3>\n<p>El relato de Pentecost\u00e9s (cf. Hch 2,1-11), nos muestra dos \u00e1mbitos de la acci\u00f3n del Esp\u00edritu Santo en la Iglesia: en nosotros y en la misi\u00f3n, con dos caracter\u00edsticas: poder y mansedumbre.<\/p>\n<p>La acci\u00f3n del Esp\u00edritu en nosotros es fuerte, simbolizada por los signos del viento y del fuego, a menudo asociados al poder de Dios en la Biblia (cf. Ex 19,16-19). Sin esta fuerza, nunca podr\u00edamos vencer el mal, ni vencer los deseos de la carne de los que habla san Pablo, vencer esos impulsos del alma: impureza, idolatr\u00eda, discordia, envidia&#8230; (cf. Ga 5,19-21): con el Esp\u00edritu podemos vencerlos, \u00c9l nos da la fuerza para hacerlo, porque entra en nuestro coraz\u00f3n \u00ab\u00e1rido, r\u00edgido y helado\u00bb (cf. Secuencia Veni Sancte Spiritus). Esos impulsos arruinan nuestras relaciones con los dem\u00e1s y dividen nuestras comunidades, y \u00c9l entra en el coraz\u00f3n y lo cura todo.<\/p>\n<p>Jes\u00fas nos lo muestra tambi\u00e9n cuando, impulsado por el Esp\u00edritu, se retira durante cuarenta d\u00edas al desierto (cf. <em>Mt 4<\/em>, 1-11) para ser tentado. Durante ese tiempo, su humanidad tambi\u00e9n crece, se fortalece y se prepara para la misi\u00f3n.<\/p>\n<p>Al mismo tiempo, la acci\u00f3n del Par\u00e1clito en nosotros tambi\u00e9n es suave: es fuerte y suave. El viento y el fuego no destruyen ni incineran lo que tocan: el uno llena la casa en la que se encuentran los disc\u00edpulos, y el otro se posa suavemente, en forma de llamas, sobre la cabeza de cada uno. Y esta mansedumbre es tambi\u00e9n un rasgo de la acci\u00f3n de Dios que encontramos tantas veces en la Biblia.<\/p>\n<p>Y es hermoso ver c\u00f3mo la misma mano robusta y callosa que primero ar\u00f3 los terrones de las pasiones, despu\u00e9s, delicadamente, habiendo plantado las plantitas de la virtud, las \u00abriega\u00bb, las \u00abcuida\u00bb (cf. Secuencia) y las protege con amor, para que crezcan y se fortalezcan, y podamos gustar, tras la fatiga de la batalla contra el mal, la dulzura de la misericordia y de la comuni\u00f3n con Dios. As\u00ed es el Esp\u00edritu: fuerte, que nos da la fuerza para vencer, y tambi\u00e9n suave. Hablamos de la unci\u00f3n del Esp\u00edritu, el Esp\u00edritu nos unge, est\u00e1 con nosotros. Como dice una hermosa oraci\u00f3n de la Iglesia primitiva: \u00abTu mansedumbre permanece, Se\u00f1or, conmigo, y tambi\u00e9n los frutos de tu amor\u00bb (Odas de Salom\u00f3n, 14,6).<\/p>\n<p>El Esp\u00edritu Santo, que desciende sobre los disc\u00edpulos y se hace cercano -es decir, \u00abpar\u00e1clito\u00bb-, act\u00faa transformando sus corazones e infundi\u00e9ndoles una \u00abaudacia que les impulsa a transmitir a los dem\u00e1s su experiencia de Jes\u00fas y la esperanza que les anima\u00bb (San Juan Pablo II, <em>Enc. Redemptoris missio,<\/em> 24). Como atestiguar\u00edan m\u00e1s tarde Pedro y Juan ante el Sanedr\u00edn, cuando se les exigi\u00f3 que \u00abno hablasen en modo alguno ni ense\u00f1asen en nombre de Jes\u00fas\u00bb (<em>Hch<\/em> 4, 18); ellos responder\u00edan: \u00abNo podemos callar lo que hemos visto y o\u00eddo\u00bb (v. 20). Y para responder a esto tienen el poder del Esp\u00edritu Santo.<\/p>\n<p>Y esto es importante tambi\u00e9n para nosotros, que hemos recibido el Esp\u00edritu en el Bautismo y en la Confirmaci\u00f3n. Desde el \u00abcen\u00e1culo\u00bb de esta Bas\u00edlica, como los Ap\u00f3stoles, somos enviados, especialmente hoy, a anunciar el Evangelio a todos, yendo \u00absiempre m\u00e1s all\u00e1, no s\u00f3lo en sentido geogr\u00e1fico, sino tambi\u00e9n m\u00e1s all\u00e1 de las barreras \u00e9tnicas y religiosas, para una misi\u00f3n verdaderamente universal\u00bb (<em>Redemptoris missio<\/em>, 25). Y gracias al Esp\u00edritu podemos y debemos hacerlo con la misma fuerza y bondad.<\/p>\n<p>Con la misma fuerza: es decir, no con arrogancia e imposiciones -el cristiano no es prepotente, su fuerza es otra, y es la fuerza del Esp\u00edritu-, ni siquiera con c\u00e1lculos y astucias, sino con la energ\u00eda que brota de la fidelidad a la verdad, que el Esp\u00edritu ense\u00f1a a nuestros corazones y hace crecer en nosotros. Y as\u00ed nos rendimos al Esp\u00edritu, no nos rendimos al poder del mundo, sino que seguimos hablando de paz a los que quieren la guerra, hablando de perd\u00f3n a los que siembran la venganza, hablando de acogida y solidaridad a los que cierran la puerta y levantan barreras, hablando de vida a los que eligen la muerte, hablando de respeto a los que aman humillar, insultar y descartar, hablando de fidelidad a los que rechazan todo v\u00ednculo, confundiendo la libertad con un individualismo superficial, opaco y vac\u00edo. Sin dejarnos intimidar por las dificultades, ni por las burlas, ni por la oposici\u00f3n que, hoy como ayer, nunca falta en la vida apost\u00f3lica (cf. <em>Hch<\/em> 4,1-31).<\/p>\n<p>Y al mismo tiempo que actuamos con esta fuerza, nuestro anuncio quiere ser amable, acoger a todos. No lo olvidemos: a todos, a todos. No olvidemos aquella par\u00e1bola de los invitados a la fiesta que no quer\u00edan ir: \u00abId a la encrucijada y traed a todos, a todos, buenos y malos, a todos\u00bb (cf. Mt 22,9-10). El Esp\u00edritu nos da la fuerza para salir y llamar a todos con bondad, nos da la bondad para acoger a todos.<\/p>\n<p>Todos nosotros, hermanos y hermanas, estamos muy necesitados de esperanza, que no es optimismo, no, es otra cosa. Necesitamos esperanza. La esperanza se representa como un ancla, all\u00ed, en la orilla, y nosotros, aferrados a la cuerda, hacia la esperanza. Necesitamos esperanza, necesitamos levantar la mirada hacia horizontes de paz, fraternidad, justicia y solidaridad. Esta es la \u00fanica forma de vida, no hay otra. Por supuesto, por desgracia, a menudo no parece f\u00e1cil, de hecho a veces es sinuoso y cuesta arriba. Pero sabemos que no estamos solos: tenemos la certeza de que, con la ayuda del Esp\u00edritu Santo, con sus dones, juntos podemos recorrerlo y hacerlo cada vez m\u00e1s practicable tambi\u00e9n para los dem\u00e1s.<\/p>\n<p>Renovemos, hermanos y hermanas, nuestra fe en la presencia, junto a nosotros, del Consolador, y sigamos orando:<\/p>\n<p>Ven, Esp\u00edritu Creador, ilumina nuestras mentes,<br \/>\nllena nuestros corazones de tu gracia, gu\u00eda nuestros pasos,<br \/>\nda a nuestro mundo tu paz.<br \/>\nAm\u00e9n.<\/p>\n<p><iframe loading=\"lazy\" title=\"Santa Misa de Pentecost\u00e9s - 19 de mayo de 2024 - Papa Francisco\" width=\"500\" height=\"281\" src=\"https:\/\/www.youtube.com\/embed\/RRoNit1SUnE?feature=oembed\" frameborder=\"0\" allow=\"accelerometer; autoplay; clipboard-write; encrypted-media; gyroscope; picture-in-picture; web-share\" referrerpolicy=\"strict-origin-when-cross-origin\" allowfullscreen><\/iframe><\/p>\n","protected":false},"excerpt":{"rendered":"<p>Homil\u00eda misa de Pentecost\u00e9s<\/p>\n","protected":false},"author":15,"featured_media":100821,"comment_status":"closed","ping_status":"closed","sticky":false,"template":"","format":"standard","meta":{"_acf_changed":false,"_crdt_document":"","inline_featured_image":false,"footnotes":""},"categories":[114,68],"tags":[2419,173,15788],"class_list":["post-100820","post","type-post","status-publish","format-standard","has-post-thumbnail","hentry","category-homilias","category-leon-xiv","tag-featured","tag-homilia","tag-misa-de-pentecostes"],"acf":[],"yoast_head":"<!-- This site is optimized with the Yoast SEO plugin v27.5 - https:\/\/yoast.com\/product\/yoast-seo-wordpress\/ -->\n<title>El Papa: El Esp\u00edritu nos da la fuerza para salir y llamar a todos con bondad &#8211; Exaudi<\/title>\n<meta name=\"robots\" content=\"index, follow, max-snippet:-1, max-image-preview:large, max-video-preview:-1\" \/>\n<link rel=\"canonical\" href=\"https:\/\/exaudi.org\/es\/el-espiritu-santo-actua-transformando-sus-corazones-e-infundiendoles-una-audacia-q\/\" \/>\n<meta property=\"og:locale\" content=\"es_ES\" \/>\n<meta property=\"og:type\" content=\"article\" \/>\n<meta property=\"og:title\" content=\"El Papa: El Esp\u00edritu nos da la fuerza para salir y llamar a todos con bondad &#8211; Exaudi\" \/>\n<meta property=\"og:description\" content=\"Homil\u00eda misa de Pentecost\u00e9s\" \/>\n<meta property=\"og:url\" content=\"https:\/\/exaudi.org\/es\/el-espiritu-santo-actua-transformando-sus-corazones-e-infundiendoles-una-audacia-q\/\" \/>\n<meta property=\"og:site_name\" content=\"Exaudi\" \/>\n<meta property=\"article:publisher\" content=\"https:\/\/www.facebook.com\/ExaudiNews\" \/>\n<meta property=\"article:author\" content=\"https:\/\/www.facebook.com\/ExaudiNoticias\/\" \/>\n<meta property=\"article:published_time\" content=\"2024-05-19T11:26:09+00:00\" \/>\n<meta property=\"article:modified_time\" content=\"2024-05-19T11:32:50+00:00\" \/>\n<meta property=\"og:image\" content=\"https:\/\/exaudi.org\/wp-content\/uploads\/2024\/05\/cq5dam.web_.800.800-61.jpeg\" \/>\n\t<meta property=\"og:image:width\" content=\"800\" \/>\n\t<meta property=\"og:image:height\" content=\"533\" \/>\n\t<meta property=\"og:image:type\" content=\"image\/jpeg\" \/>\n<meta name=\"author\" content=\"Exaudi Redacci\u00f3n\" \/>\n<meta name=\"twitter:card\" content=\"summary_large_image\" \/>\n<meta name=\"twitter:creator\" content=\"@Exaudi_noticias\" \/>\n<meta name=\"twitter:site\" content=\"@Exaudi_News\" \/>\n<meta name=\"twitter:label1\" content=\"Escrito por\" \/>\n\t<meta name=\"twitter:data1\" content=\"Exaudi Redacci\u00f3n\" \/>\n\t<meta name=\"twitter:label2\" content=\"Tiempo de lectura\" \/>\n\t<meta name=\"twitter:data2\" content=\"6 minutos\" \/>\n<script type=\"application\/ld+json\" class=\"yoast-schema-graph\">{\"@context\":\"https:\\\/\\\/schema.org\",\"@graph\":[{\"@type\":\"Article\",\"@id\":\"https:\\\/\\\/exaudi.org\\\/es\\\/el-espiritu-santo-actua-transformando-sus-corazones-e-infundiendoles-una-audacia-q\\\/#article\",\"isPartOf\":{\"@id\":\"https:\\\/\\\/exaudi.org\\\/es\\\/el-espiritu-santo-actua-transformando-sus-corazones-e-infundiendoles-una-audacia-q\\\/\"},\"author\":{\"name\":\"Exaudi Redacci\u00f3n\",\"@id\":\"https:\\\/\\\/exaudi.org\\\/#\\\/schema\\\/person\\\/f5fc8f063065e38742da7afe15f25df7\"},\"headline\":\"El Papa: El Esp\u00edritu nos da la fuerza para salir y llamar a todos con bondad\",\"datePublished\":\"2024-05-19T11:26:09+00:00\",\"dateModified\":\"2024-05-19T11:32:50+00:00\",\"mainEntityOfPage\":{\"@id\":\"https:\\\/\\\/exaudi.org\\\/es\\\/el-espiritu-santo-actua-transformando-sus-corazones-e-infundiendoles-una-audacia-q\\\/\"},\"wordCount\":1135,\"image\":{\"@id\":\"https:\\\/\\\/exaudi.org\\\/es\\\/el-espiritu-santo-actua-transformando-sus-corazones-e-infundiendoles-una-audacia-q\\\/#primaryimage\"},\"thumbnailUrl\":\"https:\\\/\\\/exaudi.org\\\/wp-content\\\/uploads\\\/2024\\\/05\\\/cq5dam.web_.800.800-61.jpeg\",\"keywords\":[\"Featured\",\"homil\u00eda\",\"Misa de Pentecost\u00e9s\"],\"articleSection\":[\"Homilias\",\"Le\u00f3n XIV\"],\"inLanguage\":\"es\"},{\"@type\":\"WebPage\",\"@id\":\"https:\\\/\\\/exaudi.org\\\/es\\\/el-espiritu-santo-actua-transformando-sus-corazones-e-infundiendoles-una-audacia-q\\\/\",\"url\":\"https:\\\/\\\/exaudi.org\\\/es\\\/el-espiritu-santo-actua-transformando-sus-corazones-e-infundiendoles-una-audacia-q\\\/\",\"name\":\"El Papa: El Esp\u00edritu nos da la fuerza para salir y llamar a todos con bondad &#8211; Exaudi\",\"isPartOf\":{\"@id\":\"https:\\\/\\\/exaudi.org\\\/#website\"},\"primaryImageOfPage\":{\"@id\":\"https:\\\/\\\/exaudi.org\\\/es\\\/el-espiritu-santo-actua-transformando-sus-corazones-e-infundiendoles-una-audacia-q\\\/#primaryimage\"},\"image\":{\"@id\":\"https:\\\/\\\/exaudi.org\\\/es\\\/el-espiritu-santo-actua-transformando-sus-corazones-e-infundiendoles-una-audacia-q\\\/#primaryimage\"},\"thumbnailUrl\":\"https:\\\/\\\/exaudi.org\\\/wp-content\\\/uploads\\\/2024\\\/05\\\/cq5dam.web_.800.800-61.jpeg\",\"datePublished\":\"2024-05-19T11:26:09+00:00\",\"dateModified\":\"2024-05-19T11:32:50+00:00\",\"author\":{\"@id\":\"https:\\\/\\\/exaudi.org\\\/#\\\/schema\\\/person\\\/f5fc8f063065e38742da7afe15f25df7\"},\"breadcrumb\":{\"@id\":\"https:\\\/\\\/exaudi.org\\\/es\\\/el-espiritu-santo-actua-transformando-sus-corazones-e-infundiendoles-una-audacia-q\\\/#breadcrumb\"},\"inLanguage\":\"es\",\"potentialAction\":[{\"@type\":\"ReadAction\",\"target\":[\"https:\\\/\\\/exaudi.org\\\/es\\\/el-espiritu-santo-actua-transformando-sus-corazones-e-infundiendoles-una-audacia-q\\\/\"]}]},{\"@type\":\"ImageObject\",\"inLanguage\":\"es\",\"@id\":\"https:\\\/\\\/exaudi.org\\\/es\\\/el-espiritu-santo-actua-transformando-sus-corazones-e-infundiendoles-una-audacia-q\\\/#primaryimage\",\"url\":\"https:\\\/\\\/exaudi.org\\\/wp-content\\\/uploads\\\/2024\\\/05\\\/cq5dam.web_.800.800-61.jpeg\",\"contentUrl\":\"https:\\\/\\\/exaudi.org\\\/wp-content\\\/uploads\\\/2024\\\/05\\\/cq5dam.web_.800.800-61.jpeg\",\"width\":800,\"height\":533},{\"@type\":\"BreadcrumbList\",\"@id\":\"https:\\\/\\\/exaudi.org\\\/es\\\/el-espiritu-santo-actua-transformando-sus-corazones-e-infundiendoles-una-audacia-q\\\/#breadcrumb\",\"itemListElement\":[{\"@type\":\"ListItem\",\"position\":1,\"name\":\"Portada\",\"item\":\"https:\\\/\\\/exaudi.org\\\/es\\\/\"},{\"@type\":\"ListItem\",\"position\":2,\"name\":\"El Papa: El Esp\u00edritu nos da la fuerza para salir y llamar a todos con bondad\"}]},{\"@type\":\"WebSite\",\"@id\":\"https:\\\/\\\/exaudi.org\\\/#website\",\"url\":\"https:\\\/\\\/exaudi.org\\\/\",\"name\":\"Exaudi\",\"description\":\"News\",\"potentialAction\":[{\"@type\":\"SearchAction\",\"target\":{\"@type\":\"EntryPoint\",\"urlTemplate\":\"https:\\\/\\\/exaudi.org\\\/?s={search_term_string}\"},\"query-input\":{\"@type\":\"PropertyValueSpecification\",\"valueRequired\":true,\"valueName\":\"search_term_string\"}}],\"inLanguage\":\"es\"},{\"@type\":\"Person\",\"@id\":\"https:\\\/\\\/exaudi.org\\\/#\\\/schema\\\/person\\\/f5fc8f063065e38742da7afe15f25df7\",\"name\":\"Exaudi Redacci\u00f3n\",\"image\":{\"@type\":\"ImageObject\",\"inLanguage\":\"es\",\"@id\":\"https:\\\/\\\/secure.gravatar.com\\\/avatar\\\/fe0f6a059fb68d9b3e11bc5850dd4899b1c7492091a3cb6dd9b01b56ad828be2?s=96&d=mm&r=g\",\"url\":\"https:\\\/\\\/secure.gravatar.com\\\/avatar\\\/fe0f6a059fb68d9b3e11bc5850dd4899b1c7492091a3cb6dd9b01b56ad828be2?s=96&d=mm&r=g\",\"contentUrl\":\"https:\\\/\\\/secure.gravatar.com\\\/avatar\\\/fe0f6a059fb68d9b3e11bc5850dd4899b1c7492091a3cb6dd9b01b56ad828be2?s=96&d=mm&r=g\",\"caption\":\"Exaudi Redacci\u00f3n\"},\"description\":\"\u00bfQu\u00e9 es Exaudi News? Exaudi News es un medio de comunicaci\u00f3n cat\u00f3lico internacional que informa, forma y transforma, diariamente en espa\u00f1ol, ingl\u00e9s e italiano. A trav\u00e9s de noticias, art\u00edculos de an\u00e1lisis y transmisiones en directo de los eventos del Papa, Exaudi busca fortalecer la unidad de los cristianos y contribuir a la evangelizaci\u00f3n del mundo, siempre guiados por la doctrina social de la Iglesia. Trabajamos para acercar la verdad y los valores cristianos a cada rinc\u00f3n del planeta. \u00a1Ay\u00fadanos a transformar el mundo con Exaudi! En Exaudi creemos que la evangelizaci\u00f3n y la informaci\u00f3n de calidad pueden cambiar vidas. Para continuar con nuestra misi\u00f3n y expandir nuestro alcance, necesitamos tu ayuda. Adem\u00e1s, buscamos personas comprometidas que deseen unirse a nuestro equipo. Con tu apoyo, lograremos llegar a m\u00e1s personas, difundir el mensaje de Cristo y reforzar la unidad de los cristianos. \u00bfTe unes a nuestra misi\u00f3n? Para m\u00e1s informaci\u00f3n sobre c\u00f3mo colaborar, visita Exaudi.org\\\/es o cont\u00e1ctanos directamente: info@exaudi.org Exaudi: Informa, forma y transforma.\",\"sameAs\":[\"https:\\\/\\\/www.facebook.com\\\/ExaudiNoticias\\\/\",\"https:\\\/\\\/www.instagram.com\\\/exaudi_noticias\\\/\",\"https:\\\/\\\/x.com\\\/Exaudi_noticias\",\"https:\\\/\\\/www.youtube.com\\\/@exaudicatholicnews\"],\"url\":\"https:\\\/\\\/exaudi.org\\\/es\\\/author\\\/redaccionexaudi\\\/\"}]}<\/script>\n<!-- \/ Yoast SEO plugin. -->","yoast_head_json":{"title":"El Papa: El Esp\u00edritu nos da la fuerza para salir y llamar a todos con bondad &#8211; Exaudi","robots":{"index":"index","follow":"follow","max-snippet":"max-snippet:-1","max-image-preview":"max-image-preview:large","max-video-preview":"max-video-preview:-1"},"canonical":"https:\/\/exaudi.org\/es\/el-espiritu-santo-actua-transformando-sus-corazones-e-infundiendoles-una-audacia-q\/","og_locale":"es_ES","og_type":"article","og_title":"El Papa: El Esp\u00edritu nos da la fuerza para salir y llamar a todos con bondad &#8211; Exaudi","og_description":"Homil\u00eda misa de Pentecost\u00e9s","og_url":"https:\/\/exaudi.org\/es\/el-espiritu-santo-actua-transformando-sus-corazones-e-infundiendoles-una-audacia-q\/","og_site_name":"Exaudi","article_publisher":"https:\/\/www.facebook.com\/ExaudiNews","article_author":"https:\/\/www.facebook.com\/ExaudiNoticias\/","article_published_time":"2024-05-19T11:26:09+00:00","article_modified_time":"2024-05-19T11:32:50+00:00","og_image":[{"width":800,"height":533,"url":"https:\/\/exaudi.org\/wp-content\/uploads\/2024\/05\/cq5dam.web_.800.800-61.jpeg","type":"image\/jpeg"}],"author":"Exaudi Redacci\u00f3n","twitter_card":"summary_large_image","twitter_creator":"@Exaudi_noticias","twitter_site":"@Exaudi_News","twitter_misc":{"Escrito por":"Exaudi Redacci\u00f3n","Tiempo de lectura":"6 minutos"},"schema":{"@context":"https:\/\/schema.org","@graph":[{"@type":"Article","@id":"https:\/\/exaudi.org\/es\/el-espiritu-santo-actua-transformando-sus-corazones-e-infundiendoles-una-audacia-q\/#article","isPartOf":{"@id":"https:\/\/exaudi.org\/es\/el-espiritu-santo-actua-transformando-sus-corazones-e-infundiendoles-una-audacia-q\/"},"author":{"name":"Exaudi Redacci\u00f3n","@id":"https:\/\/exaudi.org\/#\/schema\/person\/f5fc8f063065e38742da7afe15f25df7"},"headline":"El Papa: El Esp\u00edritu nos da la fuerza para salir y llamar a todos con bondad","datePublished":"2024-05-19T11:26:09+00:00","dateModified":"2024-05-19T11:32:50+00:00","mainEntityOfPage":{"@id":"https:\/\/exaudi.org\/es\/el-espiritu-santo-actua-transformando-sus-corazones-e-infundiendoles-una-audacia-q\/"},"wordCount":1135,"image":{"@id":"https:\/\/exaudi.org\/es\/el-espiritu-santo-actua-transformando-sus-corazones-e-infundiendoles-una-audacia-q\/#primaryimage"},"thumbnailUrl":"https:\/\/exaudi.org\/wp-content\/uploads\/2024\/05\/cq5dam.web_.800.800-61.jpeg","keywords":["Featured","homil\u00eda","Misa de Pentecost\u00e9s"],"articleSection":["Homilias","Le\u00f3n XIV"],"inLanguage":"es"},{"@type":"WebPage","@id":"https:\/\/exaudi.org\/es\/el-espiritu-santo-actua-transformando-sus-corazones-e-infundiendoles-una-audacia-q\/","url":"https:\/\/exaudi.org\/es\/el-espiritu-santo-actua-transformando-sus-corazones-e-infundiendoles-una-audacia-q\/","name":"El Papa: El Esp\u00edritu nos da la fuerza para salir y llamar a todos con bondad &#8211; Exaudi","isPartOf":{"@id":"https:\/\/exaudi.org\/#website"},"primaryImageOfPage":{"@id":"https:\/\/exaudi.org\/es\/el-espiritu-santo-actua-transformando-sus-corazones-e-infundiendoles-una-audacia-q\/#primaryimage"},"image":{"@id":"https:\/\/exaudi.org\/es\/el-espiritu-santo-actua-transformando-sus-corazones-e-infundiendoles-una-audacia-q\/#primaryimage"},"thumbnailUrl":"https:\/\/exaudi.org\/wp-content\/uploads\/2024\/05\/cq5dam.web_.800.800-61.jpeg","datePublished":"2024-05-19T11:26:09+00:00","dateModified":"2024-05-19T11:32:50+00:00","author":{"@id":"https:\/\/exaudi.org\/#\/schema\/person\/f5fc8f063065e38742da7afe15f25df7"},"breadcrumb":{"@id":"https:\/\/exaudi.org\/es\/el-espiritu-santo-actua-transformando-sus-corazones-e-infundiendoles-una-audacia-q\/#breadcrumb"},"inLanguage":"es","potentialAction":[{"@type":"ReadAction","target":["https:\/\/exaudi.org\/es\/el-espiritu-santo-actua-transformando-sus-corazones-e-infundiendoles-una-audacia-q\/"]}]},{"@type":"ImageObject","inLanguage":"es","@id":"https:\/\/exaudi.org\/es\/el-espiritu-santo-actua-transformando-sus-corazones-e-infundiendoles-una-audacia-q\/#primaryimage","url":"https:\/\/exaudi.org\/wp-content\/uploads\/2024\/05\/cq5dam.web_.800.800-61.jpeg","contentUrl":"https:\/\/exaudi.org\/wp-content\/uploads\/2024\/05\/cq5dam.web_.800.800-61.jpeg","width":800,"height":533},{"@type":"BreadcrumbList","@id":"https:\/\/exaudi.org\/es\/el-espiritu-santo-actua-transformando-sus-corazones-e-infundiendoles-una-audacia-q\/#breadcrumb","itemListElement":[{"@type":"ListItem","position":1,"name":"Portada","item":"https:\/\/exaudi.org\/es\/"},{"@type":"ListItem","position":2,"name":"El Papa: El Esp\u00edritu nos da la fuerza para salir y llamar a todos con bondad"}]},{"@type":"WebSite","@id":"https:\/\/exaudi.org\/#website","url":"https:\/\/exaudi.org\/","name":"Exaudi","description":"News","potentialAction":[{"@type":"SearchAction","target":{"@type":"EntryPoint","urlTemplate":"https:\/\/exaudi.org\/?s={search_term_string}"},"query-input":{"@type":"PropertyValueSpecification","valueRequired":true,"valueName":"search_term_string"}}],"inLanguage":"es"},{"@type":"Person","@id":"https:\/\/exaudi.org\/#\/schema\/person\/f5fc8f063065e38742da7afe15f25df7","name":"Exaudi Redacci\u00f3n","image":{"@type":"ImageObject","inLanguage":"es","@id":"https:\/\/secure.gravatar.com\/avatar\/fe0f6a059fb68d9b3e11bc5850dd4899b1c7492091a3cb6dd9b01b56ad828be2?s=96&d=mm&r=g","url":"https:\/\/secure.gravatar.com\/avatar\/fe0f6a059fb68d9b3e11bc5850dd4899b1c7492091a3cb6dd9b01b56ad828be2?s=96&d=mm&r=g","contentUrl":"https:\/\/secure.gravatar.com\/avatar\/fe0f6a059fb68d9b3e11bc5850dd4899b1c7492091a3cb6dd9b01b56ad828be2?s=96&d=mm&r=g","caption":"Exaudi Redacci\u00f3n"},"description":"\u00bfQu\u00e9 es Exaudi News? Exaudi News es un medio de comunicaci\u00f3n cat\u00f3lico internacional que informa, forma y transforma, diariamente en espa\u00f1ol, ingl\u00e9s e italiano. A trav\u00e9s de noticias, art\u00edculos de an\u00e1lisis y transmisiones en directo de los eventos del Papa, Exaudi busca fortalecer la unidad de los cristianos y contribuir a la evangelizaci\u00f3n del mundo, siempre guiados por la doctrina social de la Iglesia. Trabajamos para acercar la verdad y los valores cristianos a cada rinc\u00f3n del planeta. \u00a1Ay\u00fadanos a transformar el mundo con Exaudi! En Exaudi creemos que la evangelizaci\u00f3n y la informaci\u00f3n de calidad pueden cambiar vidas. Para continuar con nuestra misi\u00f3n y expandir nuestro alcance, necesitamos tu ayuda. Adem\u00e1s, buscamos personas comprometidas que deseen unirse a nuestro equipo. Con tu apoyo, lograremos llegar a m\u00e1s personas, difundir el mensaje de Cristo y reforzar la unidad de los cristianos. \u00bfTe unes a nuestra misi\u00f3n? Para m\u00e1s informaci\u00f3n sobre c\u00f3mo colaborar, visita Exaudi.org\/es o cont\u00e1ctanos directamente: info@exaudi.org Exaudi: Informa, forma y transforma.","sameAs":["https:\/\/www.facebook.com\/ExaudiNoticias\/","https:\/\/www.instagram.com\/exaudi_noticias\/","https:\/\/x.com\/Exaudi_noticias","https:\/\/www.youtube.com\/@exaudicatholicnews"],"url":"https:\/\/exaudi.org\/es\/author\/redaccionexaudi\/"}]}},"jetpack_featured_media_url":"https:\/\/exaudi.org\/wp-content\/uploads\/2024\/05\/cq5dam.web_.800.800-61.jpeg","jetpack_shortlink":"https:\/\/wp.me\/pgKjF2-qe8","_links":{"self":[{"href":"https:\/\/exaudi.org\/es\/wp-json\/wp\/v2\/posts\/100820","targetHints":{"allow":["GET"]}}],"collection":[{"href":"https:\/\/exaudi.org\/es\/wp-json\/wp\/v2\/posts"}],"about":[{"href":"https:\/\/exaudi.org\/es\/wp-json\/wp\/v2\/types\/post"}],"author":[{"embeddable":true,"href":"https:\/\/exaudi.org\/es\/wp-json\/wp\/v2\/users\/15"}],"replies":[{"embeddable":true,"href":"https:\/\/exaudi.org\/es\/wp-json\/wp\/v2\/comments?post=100820"}],"version-history":[{"count":0,"href":"https:\/\/exaudi.org\/es\/wp-json\/wp\/v2\/posts\/100820\/revisions"}],"wp:featuredmedia":[{"embeddable":true,"href":"https:\/\/exaudi.org\/es\/wp-json\/wp\/v2\/media\/100821"}],"wp:attachment":[{"href":"https:\/\/exaudi.org\/es\/wp-json\/wp\/v2\/media?parent=100820"}],"wp:term":[{"taxonomy":"category","embeddable":true,"href":"https:\/\/exaudi.org\/es\/wp-json\/wp\/v2\/categories?post=100820"},{"taxonomy":"post_tag","embeddable":true,"href":"https:\/\/exaudi.org\/es\/wp-json\/wp\/v2\/tags?post=100820"}],"curies":[{"name":"wp","href":"https:\/\/api.w.org\/{rel}","templated":true}]}}