{"id":10076,"date":"2021-04-05T10:30:52","date_gmt":"2021-04-05T08:30:52","guid":{"rendered":"https:\/\/exaudi.org\/?p=10076"},"modified":"2021-04-05T16:27:37","modified_gmt":"2021-04-05T14:27:37","slug":"pascua-2021-mensaje-obispos-celam","status":"publish","type":"post","link":"https:\/\/exaudi.org\/es\/pascua-2021-mensaje-obispos-celam\/","title":{"rendered":"Pascua 2021: Mensaje de los obispos del CELAM"},"content":{"rendered":"<p>\u201cTu Cruz adoramos, Se\u00f1or, y\u00a0tu santa resurrecci\u00f3n alabamos y glorificamos; por el madero ha venido la alegr\u00eda al mundo entero\u201d, ha expresado Monse\u00f1or Miguel Cabrejos, presidente del <a href=\"https:\/\/www.celam.org\/\" target=\"_blank\" rel=\"noopener noreferrer\">Consejo Episcopal Latinoamericano<\/a> (CELAM) a trav\u00e9s de un <a href=\"https:\/\/www.youtube.com\/watch?v=iIrxxG8L1UI\">video mensaje<\/a> con motivo de la <a href=\"https:\/\/exaudi.org\/es\/pascua-2021-mensaje-papa-francisco\/\" target=\"_blank\" rel=\"noopener noreferrer\">Pascua de Resurrecci\u00f3n 2021<\/a>, en nombre de los obispos del continente.<\/p>\n<p>En sus palabras, el tambi\u00e9n arzobispo de Trujillo, Per\u00fa, recuerda el testimonio de los primeros disc\u00edpulos: \u201cProclamemos que el sepulcro est\u00e1 vac\u00edo, la piedra ha sido movida; aquel que sufri\u00f3 la pasi\u00f3n, que fue crucificado y muri\u00f3 en la cruz, \u00a1Ha resucitado! \u00a1ha vencido a la muerte! Es el que vive (Ap 1,18)\u201d.<\/p>\n<p>Por ello, prosigue, \u201cnosotros podemos encontrarnos con \u00c9l, y exultar de gozo, exclamando: \u2018\u00a1Cristo ha Resucitado! \u00a1verdaderamente ha Resucitado! \u00a1Aleluya! \u00a1Aleluya!\u2019\u201d.<\/p>\n<h4><strong>Mensaje que sigue resonando<\/strong><\/h4>\n<p>Monse\u00f1or Cabrejos resalta tambi\u00e9n c\u00f3mo \u201cel eco de este acontecimiento que surgi\u00f3 en Jerusal\u00e9n hace m\u00e1s de 20 siglos, contin\u00faa resonando en la Iglesia, que lleva en el coraz\u00f3n la fe vibrante de Mar\u00eda, la Madre de Jes\u00fas, la fe de la Magdalena y las otras mujeres que fueron las primeras en ver el sepulcro vac\u00edo\u201d, as\u00ed como \u201cla fe de Pedro, de los otros ap\u00f3stoles y disc\u00edpulos\u201d.<\/p>\n<p>\u201cEsta es la gran novedad que la Iglesia no se cansa de proclamar a trav\u00e9s de los siglos, esta novedad es el coraz\u00f3n del mensaje que ha difundido en todos los rincones de la tierra\u201d, contin\u00faa, \u201cel resplandor del Resucitado es la luz que ha iluminado e ilumina la conciencia, la acci\u00f3n y la vida de millones de hombres y mujeres transformados por la fuerza de la Resurrecci\u00f3n y la luz de la fe\u201d.<\/p>\n<p>Asimismo, el presidente del CELAM apunta que \u201cen virtud del Bautismo, somos, ante todo, disc\u00edpulos y miembros del Pueblo de Dios\u201d. \u201cLa imagen de pueblo de Dios, convocado de entre las naciones en los Hechos de los ap\u00f3stoles\u201d expresa \u201cla dimensi\u00f3n social, hist\u00f3rica y misionera de la Iglesia y se corresponde con la condici\u00f3n del ser humano que camina en la historia. El Pueblo peregrino de Dios est\u00e1 llamado a evangelizar y ser evangelizado\u201d.<\/p>\n<h4><strong>Iglesia ministerial y sinodal<\/strong><\/h4>\n<p>Por otro lado, en el video mensaje se indica que \u201cel Concilio Vaticano II ha generado una nueva autoconciencia de Iglesia. Y el CELAM invita con m\u00e1s ah\u00ednco a transitar hacia una Iglesia como Pueblo de Dios en di\u00e1logo y al servicio al mundo; una Iglesia sacramento del Reino de Dios en la historia; una Iglesia sinodal\u201d.<\/p>\n<p>De este modo, el Consejo Episcopal de Latinoam\u00e9rica y el Caribe reafirma su compromiso por \u201cuna Iglesia comuni\u00f3n, toda ella ministerial; una Iglesia \u2018abogada\u2019 de los pobres y misericordiosa\u201d, donde \u201ctodos podemos sentirnos acogidos, amados, perdonados y alentados a vivir seg\u00fan la vida buena del Evangelio\u201d (EG 114)\u201d y \u201cuna Iglesia pluricultural, inculturada en la interculturalidad; una Iglesia pobre y para los pobres; samaritana y prof\u00e9tica (cf. EG 198)\u201d.<\/p>\n<p>Al final del mensaje del CELAM en esta Pascua 2021, monse\u00f1or Cabrejos pide al Se\u00f1or \u201cque en esta hora nos haga experimentar la alegr\u00eda de su luz, la luz del Resucitado, representada en el cirio pascual\u201d y \u201cque nosotros mismos seamos portadores de su luz, con el fin de que a trav\u00e9s de la Iglesia Pueblo Santo de Dios, el esplendor del rostro de Cristo resucitado, entre en el mundo, en cada comunidad, en cada Iglesia dom\u00e9stica y nos ayude a caminar en sinodalidad, siendo una Iglesia Samaritana, que encarna el Evangelio en la realidad concreta de cada pueblo de este amado continente\u201d.<\/p>\n<p><iframe loading=\"lazy\" title=\"Mensaje de Pascua de Resurrecci\u00f3n del Consejo Episcopal Latinoamericano\" width=\"500\" height=\"281\" src=\"https:\/\/www.youtube.com\/embed\/iIrxxG8L1UI?start=330&#038;feature=oembed\" frameborder=\"0\" allow=\"accelerometer; autoplay; clipboard-write; encrypted-media; gyroscope; picture-in-picture; web-share\" referrerpolicy=\"strict-origin-when-cross-origin\" allowfullscreen><\/iframe><\/p>\n","protected":false},"excerpt":{"rendered":"<p>\u201cCristo ha resucitado\u201d<\/p>\n","protected":false},"author":5,"featured_media":10077,"comment_status":"closed","ping_status":"closed","sticky":false,"template":"","format":"standard","meta":{"_acf_changed":false,"_crdt_document":"","inline_featured_image":false,"footnotes":""},"categories":[86,298],"tags":[464,174,1028,1430],"class_list":["post-10076","post","type-post","status-publish","format-standard","has-post-thumbnail","hentry","category-iglesia-local","category-ultimas-noticias","tag-celam","tag-mensaje","tag-monsenor-miguel-cabrejos","tag-pascua-2021"],"acf":[],"yoast_head":"<!-- This site is optimized with the Yoast SEO plugin v27.5 - https:\/\/yoast.com\/product\/yoast-seo-wordpress\/ -->\n<title>Pascua 2021: Mensaje de los obispos del CELAM &#8211; Exaudi<\/title>\n<meta name=\"description\" content=\"Mons. Miguel Cabrejos, presidente del CELAM, emite un video mensaje en nombre de los obispos del CELAM con motivo de la Pascua 2021\" \/>\n<meta name=\"robots\" content=\"index, follow, max-snippet:-1, max-image-preview:large, max-video-preview:-1\" \/>\n<link rel=\"canonical\" href=\"https:\/\/exaudi.org\/es\/pascua-2021-mensaje-obispos-celam\/\" \/>\n<meta property=\"og:locale\" content=\"es_ES\" \/>\n<meta property=\"og:type\" content=\"article\" \/>\n<meta property=\"og:title\" content=\"Pascua 2021: Mensaje de los obispos del CELAM &#8211; Exaudi\" \/>\n<meta property=\"og:description\" content=\"Mons. Miguel Cabrejos, presidente del CELAM, emite un video mensaje en nombre de los obispos del CELAM con motivo de la Pascua 2021\" \/>\n<meta property=\"og:url\" content=\"https:\/\/exaudi.org\/es\/pascua-2021-mensaje-obispos-celam\/\" \/>\n<meta property=\"og:site_name\" content=\"Exaudi\" \/>\n<meta property=\"article:publisher\" content=\"https:\/\/www.facebook.com\/ExaudiNews\" \/>\n<meta property=\"article:published_time\" content=\"2021-04-05T08:30:52+00:00\" \/>\n<meta property=\"article:modified_time\" content=\"2021-04-05T14:27:37+00:00\" \/>\n<meta property=\"og:image\" content=\"https:\/\/exaudi.org\/wp-content\/uploads\/2021\/04\/danielbizzo-1586987201391-cathopic-scaled.jpg\" \/>\n\t<meta property=\"og:image:width\" content=\"2560\" \/>\n\t<meta property=\"og:image:height\" content=\"1707\" \/>\n\t<meta property=\"og:image:type\" content=\"image\/jpeg\" \/>\n<meta name=\"author\" content=\"Larissa I. L\u00f3pez\" \/>\n<meta name=\"twitter:card\" content=\"summary_large_image\" \/>\n<meta name=\"twitter:creator\" content=\"@Exaudi_News\" \/>\n<meta name=\"twitter:site\" content=\"@Exaudi_News\" \/>\n<meta name=\"twitter:label1\" content=\"Escrito por\" \/>\n\t<meta name=\"twitter:data1\" content=\"Larissa I. L\u00f3pez\" \/>\n\t<meta name=\"twitter:label2\" content=\"Tiempo de lectura\" \/>\n\t<meta name=\"twitter:data2\" content=\"3 minutos\" \/>\n<script type=\"application\/ld+json\" class=\"yoast-schema-graph\">{\"@context\":\"https:\\\/\\\/schema.org\",\"@graph\":[{\"@type\":\"Article\",\"@id\":\"https:\\\/\\\/exaudi.org\\\/es\\\/pascua-2021-mensaje-obispos-celam\\\/#article\",\"isPartOf\":{\"@id\":\"https:\\\/\\\/exaudi.org\\\/es\\\/pascua-2021-mensaje-obispos-celam\\\/\"},\"author\":{\"name\":\"Larissa I. L\u00f3pez\",\"@id\":\"https:\\\/\\\/exaudi.org\\\/#\\\/schema\\\/person\\\/7d2f77db033c2c0929edfab6dbe8c588\"},\"headline\":\"Pascua 2021: Mensaje de los obispos del CELAM\",\"datePublished\":\"2021-04-05T08:30:52+00:00\",\"dateModified\":\"2021-04-05T14:27:37+00:00\",\"mainEntityOfPage\":{\"@id\":\"https:\\\/\\\/exaudi.org\\\/es\\\/pascua-2021-mensaje-obispos-celam\\\/\"},\"wordCount\":637,\"image\":{\"@id\":\"https:\\\/\\\/exaudi.org\\\/es\\\/pascua-2021-mensaje-obispos-celam\\\/#primaryimage\"},\"thumbnailUrl\":\"https:\\\/\\\/exaudi.org\\\/wp-content\\\/uploads\\\/2021\\\/04\\\/danielbizzo-1586987201391-cathopic-scaled.jpg\",\"keywords\":[\"CELAM\",\"mensaje\",\"Monse\u00f1or Miguel Cabrejos\",\"Pascua 2021\"],\"articleSection\":[\"Iglesia Local\",\"\u00daltimas noticias\"],\"inLanguage\":\"es\"},{\"@type\":\"WebPage\",\"@id\":\"https:\\\/\\\/exaudi.org\\\/es\\\/pascua-2021-mensaje-obispos-celam\\\/\",\"url\":\"https:\\\/\\\/exaudi.org\\\/es\\\/pascua-2021-mensaje-obispos-celam\\\/\",\"name\":\"Pascua 2021: Mensaje de los obispos del CELAM &#8211; Exaudi\",\"isPartOf\":{\"@id\":\"https:\\\/\\\/exaudi.org\\\/#website\"},\"primaryImageOfPage\":{\"@id\":\"https:\\\/\\\/exaudi.org\\\/es\\\/pascua-2021-mensaje-obispos-celam\\\/#primaryimage\"},\"image\":{\"@id\":\"https:\\\/\\\/exaudi.org\\\/es\\\/pascua-2021-mensaje-obispos-celam\\\/#primaryimage\"},\"thumbnailUrl\":\"https:\\\/\\\/exaudi.org\\\/wp-content\\\/uploads\\\/2021\\\/04\\\/danielbizzo-1586987201391-cathopic-scaled.jpg\",\"datePublished\":\"2021-04-05T08:30:52+00:00\",\"dateModified\":\"2021-04-05T14:27:37+00:00\",\"author\":{\"@id\":\"https:\\\/\\\/exaudi.org\\\/#\\\/schema\\\/person\\\/7d2f77db033c2c0929edfab6dbe8c588\"},\"description\":\"Mons. Miguel Cabrejos, presidente del CELAM, emite un video mensaje en nombre de los obispos del CELAM con motivo de la Pascua 2021\",\"breadcrumb\":{\"@id\":\"https:\\\/\\\/exaudi.org\\\/es\\\/pascua-2021-mensaje-obispos-celam\\\/#breadcrumb\"},\"inLanguage\":\"es\",\"potentialAction\":[{\"@type\":\"ReadAction\",\"target\":[\"https:\\\/\\\/exaudi.org\\\/es\\\/pascua-2021-mensaje-obispos-celam\\\/\"]}]},{\"@type\":\"ImageObject\",\"inLanguage\":\"es\",\"@id\":\"https:\\\/\\\/exaudi.org\\\/es\\\/pascua-2021-mensaje-obispos-celam\\\/#primaryimage\",\"url\":\"https:\\\/\\\/exaudi.org\\\/wp-content\\\/uploads\\\/2021\\\/04\\\/danielbizzo-1586987201391-cathopic-scaled.jpg\",\"contentUrl\":\"https:\\\/\\\/exaudi.org\\\/wp-content\\\/uploads\\\/2021\\\/04\\\/danielbizzo-1586987201391-cathopic-scaled.jpg\",\"width\":2560,\"height\":1707,\"caption\":\"Resurrecci\u00f3n \u00a9 Cathopic. Daniel Bizzo\"},{\"@type\":\"BreadcrumbList\",\"@id\":\"https:\\\/\\\/exaudi.org\\\/es\\\/pascua-2021-mensaje-obispos-celam\\\/#breadcrumb\",\"itemListElement\":[{\"@type\":\"ListItem\",\"position\":1,\"name\":\"Portada\",\"item\":\"https:\\\/\\\/exaudi.org\\\/es\\\/\"},{\"@type\":\"ListItem\",\"position\":2,\"name\":\"Pascua 2021: Mensaje de los obispos del CELAM\"}]},{\"@type\":\"WebSite\",\"@id\":\"https:\\\/\\\/exaudi.org\\\/#website\",\"url\":\"https:\\\/\\\/exaudi.org\\\/\",\"name\":\"Exaudi\",\"description\":\"News\",\"potentialAction\":[{\"@type\":\"SearchAction\",\"target\":{\"@type\":\"EntryPoint\",\"urlTemplate\":\"https:\\\/\\\/exaudi.org\\\/?s={search_term_string}\"},\"query-input\":{\"@type\":\"PropertyValueSpecification\",\"valueRequired\":true,\"valueName\":\"search_term_string\"}}],\"inLanguage\":\"es\"},{\"@type\":\"Person\",\"@id\":\"https:\\\/\\\/exaudi.org\\\/#\\\/schema\\\/person\\\/7d2f77db033c2c0929edfab6dbe8c588\",\"name\":\"Larissa I. L\u00f3pez\",\"image\":{\"@type\":\"ImageObject\",\"inLanguage\":\"es\",\"@id\":\"https:\\\/\\\/secure.gravatar.com\\\/avatar\\\/db3ef399ff343d0bb9d25dc5198bc8ece5ac6d621eca79876697a354dabc1e3f?s=96&d=mm&r=g\",\"url\":\"https:\\\/\\\/secure.gravatar.com\\\/avatar\\\/db3ef399ff343d0bb9d25dc5198bc8ece5ac6d621eca79876697a354dabc1e3f?s=96&d=mm&r=g\",\"contentUrl\":\"https:\\\/\\\/secure.gravatar.com\\\/avatar\\\/db3ef399ff343d0bb9d25dc5198bc8ece5ac6d621eca79876697a354dabc1e3f?s=96&d=mm&r=g\",\"caption\":\"Larissa I. L\u00f3pez\"},\"description\":\"Doctora en Comunicaci\u00f3n. Mi trayectoria profesional ha transcurrido entre el \u00e1mbito de la comunicaci\u00f3n y el de la docencia. En los \u00faltimos a\u00f1os, he trabajado como coordinadora y redactora de la edici\u00f3n de ZENIT en espa\u00f1ol. Como profesora, he impartido clases en la universidad y en centros de FP y bachillerato. Cordobesa de nacimiento, tambi\u00e9n he vivido en Sevilla, Madrid y Roma\",\"url\":\"https:\\\/\\\/exaudi.org\\\/es\\\/author\\\/llopezexaudi-org\\\/\"}]}<\/script>\n<!-- \/ Yoast SEO plugin. -->","yoast_head_json":{"title":"Pascua 2021: Mensaje de los obispos del CELAM &#8211; Exaudi","description":"Mons. Miguel Cabrejos, presidente del CELAM, emite un video mensaje en nombre de los obispos del CELAM con motivo de la Pascua 2021","robots":{"index":"index","follow":"follow","max-snippet":"max-snippet:-1","max-image-preview":"max-image-preview:large","max-video-preview":"max-video-preview:-1"},"canonical":"https:\/\/exaudi.org\/es\/pascua-2021-mensaje-obispos-celam\/","og_locale":"es_ES","og_type":"article","og_title":"Pascua 2021: Mensaje de los obispos del CELAM &#8211; Exaudi","og_description":"Mons. Miguel Cabrejos, presidente del CELAM, emite un video mensaje en nombre de los obispos del CELAM con motivo de la Pascua 2021","og_url":"https:\/\/exaudi.org\/es\/pascua-2021-mensaje-obispos-celam\/","og_site_name":"Exaudi","article_publisher":"https:\/\/www.facebook.com\/ExaudiNews","article_published_time":"2021-04-05T08:30:52+00:00","article_modified_time":"2021-04-05T14:27:37+00:00","og_image":[{"width":2560,"height":1707,"url":"https:\/\/exaudi.org\/wp-content\/uploads\/2021\/04\/danielbizzo-1586987201391-cathopic-scaled.jpg","type":"image\/jpeg"}],"author":"Larissa I. L\u00f3pez","twitter_card":"summary_large_image","twitter_creator":"@Exaudi_News","twitter_site":"@Exaudi_News","twitter_misc":{"Escrito por":"Larissa I. L\u00f3pez","Tiempo de lectura":"3 minutos"},"schema":{"@context":"https:\/\/schema.org","@graph":[{"@type":"Article","@id":"https:\/\/exaudi.org\/es\/pascua-2021-mensaje-obispos-celam\/#article","isPartOf":{"@id":"https:\/\/exaudi.org\/es\/pascua-2021-mensaje-obispos-celam\/"},"author":{"name":"Larissa I. L\u00f3pez","@id":"https:\/\/exaudi.org\/#\/schema\/person\/7d2f77db033c2c0929edfab6dbe8c588"},"headline":"Pascua 2021: Mensaje de los obispos del CELAM","datePublished":"2021-04-05T08:30:52+00:00","dateModified":"2021-04-05T14:27:37+00:00","mainEntityOfPage":{"@id":"https:\/\/exaudi.org\/es\/pascua-2021-mensaje-obispos-celam\/"},"wordCount":637,"image":{"@id":"https:\/\/exaudi.org\/es\/pascua-2021-mensaje-obispos-celam\/#primaryimage"},"thumbnailUrl":"https:\/\/exaudi.org\/wp-content\/uploads\/2021\/04\/danielbizzo-1586987201391-cathopic-scaled.jpg","keywords":["CELAM","mensaje","Monse\u00f1or Miguel Cabrejos","Pascua 2021"],"articleSection":["Iglesia Local","\u00daltimas noticias"],"inLanguage":"es"},{"@type":"WebPage","@id":"https:\/\/exaudi.org\/es\/pascua-2021-mensaje-obispos-celam\/","url":"https:\/\/exaudi.org\/es\/pascua-2021-mensaje-obispos-celam\/","name":"Pascua 2021: Mensaje de los obispos del CELAM &#8211; Exaudi","isPartOf":{"@id":"https:\/\/exaudi.org\/#website"},"primaryImageOfPage":{"@id":"https:\/\/exaudi.org\/es\/pascua-2021-mensaje-obispos-celam\/#primaryimage"},"image":{"@id":"https:\/\/exaudi.org\/es\/pascua-2021-mensaje-obispos-celam\/#primaryimage"},"thumbnailUrl":"https:\/\/exaudi.org\/wp-content\/uploads\/2021\/04\/danielbizzo-1586987201391-cathopic-scaled.jpg","datePublished":"2021-04-05T08:30:52+00:00","dateModified":"2021-04-05T14:27:37+00:00","author":{"@id":"https:\/\/exaudi.org\/#\/schema\/person\/7d2f77db033c2c0929edfab6dbe8c588"},"description":"Mons. Miguel Cabrejos, presidente del CELAM, emite un video mensaje en nombre de los obispos del CELAM con motivo de la Pascua 2021","breadcrumb":{"@id":"https:\/\/exaudi.org\/es\/pascua-2021-mensaje-obispos-celam\/#breadcrumb"},"inLanguage":"es","potentialAction":[{"@type":"ReadAction","target":["https:\/\/exaudi.org\/es\/pascua-2021-mensaje-obispos-celam\/"]}]},{"@type":"ImageObject","inLanguage":"es","@id":"https:\/\/exaudi.org\/es\/pascua-2021-mensaje-obispos-celam\/#primaryimage","url":"https:\/\/exaudi.org\/wp-content\/uploads\/2021\/04\/danielbizzo-1586987201391-cathopic-scaled.jpg","contentUrl":"https:\/\/exaudi.org\/wp-content\/uploads\/2021\/04\/danielbizzo-1586987201391-cathopic-scaled.jpg","width":2560,"height":1707,"caption":"Resurrecci\u00f3n \u00a9 Cathopic. Daniel Bizzo"},{"@type":"BreadcrumbList","@id":"https:\/\/exaudi.org\/es\/pascua-2021-mensaje-obispos-celam\/#breadcrumb","itemListElement":[{"@type":"ListItem","position":1,"name":"Portada","item":"https:\/\/exaudi.org\/es\/"},{"@type":"ListItem","position":2,"name":"Pascua 2021: Mensaje de los obispos del CELAM"}]},{"@type":"WebSite","@id":"https:\/\/exaudi.org\/#website","url":"https:\/\/exaudi.org\/","name":"Exaudi","description":"News","potentialAction":[{"@type":"SearchAction","target":{"@type":"EntryPoint","urlTemplate":"https:\/\/exaudi.org\/?s={search_term_string}"},"query-input":{"@type":"PropertyValueSpecification","valueRequired":true,"valueName":"search_term_string"}}],"inLanguage":"es"},{"@type":"Person","@id":"https:\/\/exaudi.org\/#\/schema\/person\/7d2f77db033c2c0929edfab6dbe8c588","name":"Larissa I. L\u00f3pez","image":{"@type":"ImageObject","inLanguage":"es","@id":"https:\/\/secure.gravatar.com\/avatar\/db3ef399ff343d0bb9d25dc5198bc8ece5ac6d621eca79876697a354dabc1e3f?s=96&d=mm&r=g","url":"https:\/\/secure.gravatar.com\/avatar\/db3ef399ff343d0bb9d25dc5198bc8ece5ac6d621eca79876697a354dabc1e3f?s=96&d=mm&r=g","contentUrl":"https:\/\/secure.gravatar.com\/avatar\/db3ef399ff343d0bb9d25dc5198bc8ece5ac6d621eca79876697a354dabc1e3f?s=96&d=mm&r=g","caption":"Larissa I. L\u00f3pez"},"description":"Doctora en Comunicaci\u00f3n. Mi trayectoria profesional ha transcurrido entre el \u00e1mbito de la comunicaci\u00f3n y el de la docencia. En los \u00faltimos a\u00f1os, he trabajado como coordinadora y redactora de la edici\u00f3n de ZENIT en espa\u00f1ol. Como profesora, he impartido clases en la universidad y en centros de FP y bachillerato. Cordobesa de nacimiento, tambi\u00e9n he vivido en Sevilla, Madrid y Roma","url":"https:\/\/exaudi.org\/es\/author\/llopezexaudi-org\/"}]}},"jetpack_featured_media_url":"https:\/\/exaudi.org\/wp-content\/uploads\/2021\/04\/danielbizzo-1586987201391-cathopic-scaled.jpg","jetpack_shortlink":"https:\/\/wp.me\/pgKjF2-2Cw","_links":{"self":[{"href":"https:\/\/exaudi.org\/es\/wp-json\/wp\/v2\/posts\/10076","targetHints":{"allow":["GET"]}}],"collection":[{"href":"https:\/\/exaudi.org\/es\/wp-json\/wp\/v2\/posts"}],"about":[{"href":"https:\/\/exaudi.org\/es\/wp-json\/wp\/v2\/types\/post"}],"author":[{"embeddable":true,"href":"https:\/\/exaudi.org\/es\/wp-json\/wp\/v2\/users\/5"}],"replies":[{"embeddable":true,"href":"https:\/\/exaudi.org\/es\/wp-json\/wp\/v2\/comments?post=10076"}],"version-history":[{"count":0,"href":"https:\/\/exaudi.org\/es\/wp-json\/wp\/v2\/posts\/10076\/revisions"}],"wp:featuredmedia":[{"embeddable":true,"href":"https:\/\/exaudi.org\/es\/wp-json\/wp\/v2\/media\/10077"}],"wp:attachment":[{"href":"https:\/\/exaudi.org\/es\/wp-json\/wp\/v2\/media?parent=10076"}],"wp:term":[{"taxonomy":"category","embeddable":true,"href":"https:\/\/exaudi.org\/es\/wp-json\/wp\/v2\/categories?post=10076"},{"taxonomy":"post_tag","embeddable":true,"href":"https:\/\/exaudi.org\/es\/wp-json\/wp\/v2\/tags?post=10076"}],"curies":[{"name":"wp","href":"https:\/\/api.w.org\/{rel}","templated":true}]}}