{"id":100711,"date":"2024-05-17T09:15:27","date_gmt":"2024-05-17T07:15:27","guid":{"rendered":"https:\/\/exaudi.org\/?p=100711"},"modified":"2024-05-17T08:52:29","modified_gmt":"2024-05-17T06:52:29","slug":"la-evangelizacion-y-las-redes-sociales","status":"publish","type":"post","link":"https:\/\/exaudi.org\/es\/la-evangelizacion-y-las-redes-sociales\/","title":{"rendered":"La Evangelizaci\u00f3n y las Redes Sociales"},"content":{"rendered":"<audio class=\"wp-audio-shortcode\" id=\"audio-100711-1\" preload=\"none\" style=\"width: 100%;\" controls=\"controls\"><source type=\"audio\/mpeg\" src=\"https:\/\/exaudi.org\/wp-content\/uploads\/2024\/05\/La-Evangelizacion-y-las-Redes-Sociales.mp3?_=1\" \/><a href=\"https:\/\/exaudi.org\/wp-content\/uploads\/2024\/05\/La-Evangelizacion-y-las-Redes-Sociales.mp3\">https:\/\/exaudi.org\/wp-content\/uploads\/2024\/05\/La-Evangelizacion-y-las-Redes-Sociales.mp3<\/a><\/audio>\n<p>La comunicaci\u00f3n es parte fundamental de la vida del ser humano, por ello Arist\u00f3teles se refiere al hombre como el Ser del logos, \u00abPalabra\/raz\u00f3n\u00bb,\u00a0 este es un ser social el cual desarrolla lenguajes, tanto verbal directo o mediado.<\/p>\n<p>El ser humano por naturaleza es un ser social y debido a ello nace la comunicaci\u00f3n, esto le permite trasmitir un mensaje y darse a entender por los otros sujetos. El hombre es un ser relacional, el cual est\u00e1 en constante comunicaci\u00f3n con su entorno, consigo mismo y con Dios; de esta manera podemos encontrar sentido, a la evoluci\u00f3n de la comunicaci\u00f3n dedicada, y su impacto en la sociedad actual, como lo escribe Giavanni Sartori en su libro el <em>Homo Videns<\/em>, donde explica c\u00f3mo se pas\u00f3 del <em>homo Sapiens<\/em> al hombre de la pantalla.<\/p>\n<p>El hombre cuando se siente solo, busca entrar en contacto con otro; debido a ello, las redes sociales han cobrado gran popularidad, en la sociedad y en especial en el ambiente juvenil. En ese sentido puede decirse que los medios de comunicaci\u00f3n son un puente que une y comunica a muchos en la web; sin embargo, es un oc\u00e9ano en el cual se pierden los que al navegar sin br\u00fajula,\u00a0 caen en el abismo virtual que crea una brecha en las comunicaciones interpersonales, impidiendo la sana comunicaci\u00f3n real entre las personas que rodean al cibernauta, que acumula relaciones virtuales pero que despersonalizan al individuo real.<\/p>\n<p>El uso de las tecnolog\u00edas no tiene un valor moral, de bueno o malo, sin embargo el uso incorrecto, puede da\u00f1ar la vida de las personas, por ello es que se nos pide a los comunicadores evangelizar las redes sociales, ya que estos son lugares llenos de humanidad<a href=\"#_ftn1\" name=\"_ftnref1\">[1]<\/a>, mediante el uso de las tecnolog\u00edas, las comunicaciones se han vuelto m\u00e1s eficaces, la velocidad con que se transmite un mensaje ha aumentado gracias ella. Hoy cualquier dispositivo m\u00f3vil cuenta con la tecnolog\u00eda para poder conectarse al internet con gran facilidad y hacer uso de las redes sociales.<\/p>\n<p>La Naturaleza y Misi\u00f3n de la Iglesia es el anunciar el Evangelio, (Mt 28,19-20, Lc 24,47-48, Mc 16,15), el para San Pablo VI, lo record\u00f3 en la carta enc\u00edclica Evangelii Nunciandi (20), en cuanto que hay que evangelizar las culturas, y en este S. XXI es la cultura digital, esto \u201csuponen todo un desaf\u00edo para quienes desean hablar de verdad y de valores.\u201d<a href=\"#_ftn2\" name=\"_ftnref2\">[2]<\/a><\/p>\n<p>Luego de haber vivido la cris de la Pandemia Covid 19, esto permiti\u00f3\u00a0 evidenciar\u00a0 el impacto positivo, que genero el poder transmitir, de la forma m\u00e1s sencilla, las transmisiones de las Misas en linea, los mensajes del Santo Padre, la llamada a la Oraci\u00f3n, esto genero un impacto medi\u00e1tico, en el cual se hacia el llamado a virilizar el amor, donde el mayor peligro para el mundo es la indiferencia, en un mundo tan acelerado, \u00a0da como consecuencia un mundo fr\u00edo y solitario, en el que la identidad del sujeto se pierde en la masa, convirti\u00e9ndose en uno m\u00e1s. Dicho sujeto tiene sed de reconocimiento, ya que ni \u00e9l mismo sabe qui\u00e9n es, por ello necesita crea un perfil para tomar una identidad, muchas veces alejada de la realidad, proyectando una imagen distorsionada, cumpliendo par\u00e1metros impuestos por la sociedad.<\/p>\n<p>En una cultura <em>light<\/em>, donde el hombre moderno, es un ser superfluo, dando como resultado un sujeto sin consistencia, sin una base fuerte que le d\u00e9 soporte a su ser.<\/p>\n<p>Adem\u00e1s, se ve influenciado por el marketing comercial que bombardea a cada instante con tanta\u00a0 publicidad, y esto obstaculiza el poder asimilar con buen criterio toda la informaci\u00f3n.<\/p>\n<p>El Papa Francisco ilumina desde el Evangelio de Cristo, estos hechos y\u00a0 denuncia los efectos de la globalizaci\u00f3n de la exclusi\u00f3n y de la indiferencia, e invita a la globalizaci\u00f3n de la esperanza<a href=\"#_ftn3\" name=\"_ftnref3\">[3]<\/a>, frente a la cultura del descarte, el papa propone la cultura del encuentro<a href=\"#_ftn4\" name=\"_ftnref4\">[4]<\/a>.<\/p>\n<p>El fen\u00f3meno de las redes sociales y ahora la Inteligencia Artificial \u00a0ya es parte de nuestra cultura. Y a hora el reto que nos corresponde es el de llevar a estos espacio el anuncio de la buena nueva de cristo, teniendo claridad identidad de la Iglesia, cuando se valorizan bien y de manera equilibrada, favorecen formas de di\u00e1logo y de debate que, llevadas a cabo con respeto, salvaguarda de la intimidad, responsabilidad e inter\u00e9s por la verdad, pueden reforzar los lazos de unidad entre las personas y promover eficazmente la armon\u00eda de la familia humana\u00bb<a href=\"#_ftn5\" name=\"_ftnref5\">[5]<\/a> .<\/p>\n<p><em><strong>Walter Alfredo Garcia Roquel, Exalumno De <a href=\"https:\/\/liderescatolicos.net\/\" target=\"_blank\" rel=\"noopener\">La Academia Internacional De L\u00edderes Cat\u00f3licos<\/a><\/strong><\/em><\/p>\n<p><img loading=\"lazy\" decoding=\"async\" class=\"size-full wp-image-100719 alignnone\" src=\"https:\/\/exaudi.org\/wp-content\/uploads\/2024\/05\/Voces-1-1.jpg\" alt=\"\" width=\"940\" height=\"788\" srcset=\"https:\/\/exaudi.org\/wp-content\/uploads\/2024\/05\/Voces-1-1.jpg 940w, https:\/\/exaudi.org\/wp-content\/uploads\/2024\/05\/Voces-1-1-300x251.jpg 300w, https:\/\/exaudi.org\/wp-content\/uploads\/2024\/05\/Voces-1-1-770x645.jpg 770w, https:\/\/exaudi.org\/wp-content\/uploads\/2024\/05\/Voces-1-1-500x419.jpg 500w, https:\/\/exaudi.org\/wp-content\/uploads\/2024\/05\/Voces-1-1-293x246.jpg 293w, https:\/\/exaudi.org\/wp-content\/uploads\/2024\/05\/Voces-1-1-390x327.jpg 390w\" sizes=\"auto, (max-width: 940px) 100vw, 940px\" \/><\/p>\n<p>***<\/p>\n<p><a href=\"#_ftnref1\" name=\"_ftn1\">[1]<\/a> Cfr<strong><em>. <\/em><\/strong>Papa Francisco,<strong><em> Comunicaci\u00f3n al servicio de una aut\u00e9ntica cultura del encuentro<\/em><\/strong>, JMCCSS 2014<\/p>\n<p><a href=\"#_ftnref2\" name=\"_ftn2\">[2]<\/a> <strong><em>Redes Sociales: portales de verdad y de fe; nuevos espacios para la evangelizaci\u00f3n.\u00a0 <\/em><\/strong>Papa Benedicto XVI, JMCCSS 2013<\/p>\n<p><a href=\"#_ftnref3\" name=\"_ftn3\">[3]<\/a>\u00a0Francisco, II Encuentro Mundial de Los Movimientos Populares, Bolivia 2015<\/p>\n<p><a href=\"#_ftnref4\" name=\"_ftn4\">[4]<\/a>\u00a0Cf. <em>Ibid<\/em><\/p>\n<p><a href=\"#_ftnref5\" name=\"_ftn5\">[5]<\/a>\u00a0Benedicto XVI, \u201cRedes Sociales: portales de verdad y de fe; nuevos espacios para la evangelizaci\u00f3n\u201d , Mensaje de la 47\u00aa Jornada Mundial de las Comunicaciones Sociales<\/p>\n","protected":false},"excerpt":{"rendered":"<p>C\u00f3mo las redes sociales y la tecnolog\u00eda transforman la comunicaci\u00f3n y la misi\u00f3n de la Iglesia<\/p>\n","protected":false},"author":107,"featured_media":100712,"comment_status":"closed","ping_status":"closed","sticky":false,"template":"","format":"standard","meta":{"_acf_changed":false,"_crdt_document":"","inline_featured_image":false,"footnotes":""},"categories":[130],"tags":[15532,15607,15614,15612,15616,15609,15613,15610,15617,15618,3454,15606,6479,15615,158,463,15608,15611,4953,15619],"class_list":["post-100711","post","type-post","status-publish","format-standard","has-post-thumbnail","hentry","category-voces","tag-aristoteles","tag-comunicacion-humana","tag-cultura-del-encuentro","tag-cultura-digital","tag-evangelizacion-en-el-siglo-xxi","tag-giovanni-sartori","tag-globalizacion-de-la-esperanza","tag-homo-videns","tag-identidad-en-redes-sociales","tag-impacto-de-las-redes-sociales","tag-inteligencia-artificial","tag-la-evangelizacion-y-las-redes-sociales","tag-mision-de-la-iglesia","tag-pandemia-covid-19","tag-papa-francisco","tag-redes-sociales","tag-ser-social","tag-tecnologia-y-comunicacion","tag-trending-es","tag-walter-alfredo-garcia-roquel"],"acf":[],"yoast_head":"<!-- This site is optimized with the Yoast SEO plugin v27.4 - https:\/\/yoast.com\/product\/yoast-seo-wordpress\/ -->\n<title>La Evangelizaci\u00f3n y las Redes Sociales &#8211; Exaudi<\/title>\n<meta name=\"robots\" content=\"index, follow, max-snippet:-1, max-image-preview:large, max-video-preview:-1\" \/>\n<link rel=\"canonical\" href=\"https:\/\/exaudi.org\/es\/la-evangelizacion-y-las-redes-sociales\/\" \/>\n<meta property=\"og:locale\" content=\"es_ES\" \/>\n<meta property=\"og:type\" content=\"article\" \/>\n<meta property=\"og:title\" content=\"La Evangelizaci\u00f3n y las Redes Sociales &#8211; Exaudi\" \/>\n<meta property=\"og:description\" content=\"C\u00f3mo las redes sociales y la tecnolog\u00eda transforman la comunicaci\u00f3n y la misi\u00f3n de la Iglesia\" \/>\n<meta property=\"og:url\" content=\"https:\/\/exaudi.org\/es\/la-evangelizacion-y-las-redes-sociales\/\" \/>\n<meta property=\"og:site_name\" content=\"Exaudi\" \/>\n<meta property=\"article:publisher\" content=\"https:\/\/www.facebook.com\/ExaudiNews\" \/>\n<meta property=\"article:published_time\" content=\"2024-05-17T07:15:27+00:00\" \/>\n<meta property=\"og:image\" content=\"https:\/\/exaudi.org\/wp-content\/uploads\/2024\/05\/Miniatura-youtube-noticias-impactante-naranja-y-negro-8.png\" \/>\n\t<meta property=\"og:image:width\" content=\"1280\" \/>\n\t<meta property=\"og:image:height\" content=\"720\" \/>\n\t<meta property=\"og:image:type\" content=\"image\/png\" \/>\n<meta name=\"author\" content=\"Academia de L\u00edderes Cat\u00f3licos\" \/>\n<meta name=\"twitter:card\" content=\"summary_large_image\" \/>\n<meta name=\"twitter:creator\" content=\"@Exaudi_News\" \/>\n<meta name=\"twitter:site\" content=\"@Exaudi_News\" \/>\n<meta name=\"twitter:label1\" content=\"Escrito por\" \/>\n\t<meta name=\"twitter:data1\" content=\"Academia de L\u00edderes Cat\u00f3licos\" \/>\n\t<meta name=\"twitter:label2\" content=\"Tiempo de lectura\" \/>\n\t<meta name=\"twitter:data2\" content=\"4 minutos\" \/>\n<script type=\"application\/ld+json\" class=\"yoast-schema-graph\">{\"@context\":\"https:\\\/\\\/schema.org\",\"@graph\":[{\"@type\":\"Article\",\"@id\":\"https:\\\/\\\/exaudi.org\\\/es\\\/la-evangelizacion-y-las-redes-sociales\\\/#article\",\"isPartOf\":{\"@id\":\"https:\\\/\\\/exaudi.org\\\/es\\\/la-evangelizacion-y-las-redes-sociales\\\/\"},\"author\":{\"name\":\"Academia de L\u00edderes Cat\u00f3licos\",\"@id\":\"https:\\\/\\\/exaudi.org\\\/#\\\/schema\\\/person\\\/334968a332d5dad9f94e08897852c6af\"},\"headline\":\"La Evangelizaci\u00f3n y las Redes Sociales\",\"datePublished\":\"2024-05-17T07:15:27+00:00\",\"mainEntityOfPage\":{\"@id\":\"https:\\\/\\\/exaudi.org\\\/es\\\/la-evangelizacion-y-las-redes-sociales\\\/\"},\"wordCount\":870,\"image\":{\"@id\":\"https:\\\/\\\/exaudi.org\\\/es\\\/la-evangelizacion-y-las-redes-sociales\\\/#primaryimage\"},\"thumbnailUrl\":\"https:\\\/\\\/exaudi.org\\\/wp-content\\\/uploads\\\/2024\\\/05\\\/Miniatura-youtube-noticias-impactante-naranja-y-negro-8.png\",\"keywords\":[\"Arist\u00f3teles\",\"Comunicaci\u00f3n Humana\",\"Cultura del Encuentro\",\"Cultura Digital\",\"Evangelizaci\u00f3n en el Siglo XXI\",\"Giovanni Sartori\",\"Globalizaci\u00f3n de la Esperanza\",\"Homo Videns\",\"Identidad en Redes Sociales\",\"Impacto de las Redes Sociales\",\"Inteligencia Artificial\",\"La Evangelizaci\u00f3n y las Redes Sociales\",\"Misi\u00f3n de la Iglesia\",\"Pandemia Covid-19\",\"papa francisco\",\"Redes sociales\",\"Ser Social\",\"Tecnolog\u00eda y Comunicaci\u00f3n\",\"Trending\",\"Walter Alfredo Garcia Roquel\"],\"articleSection\":[\"Voces\"],\"inLanguage\":\"es\"},{\"@type\":\"WebPage\",\"@id\":\"https:\\\/\\\/exaudi.org\\\/es\\\/la-evangelizacion-y-las-redes-sociales\\\/\",\"url\":\"https:\\\/\\\/exaudi.org\\\/es\\\/la-evangelizacion-y-las-redes-sociales\\\/\",\"name\":\"La Evangelizaci\u00f3n y las Redes Sociales &#8211; Exaudi\",\"isPartOf\":{\"@id\":\"https:\\\/\\\/exaudi.org\\\/#website\"},\"primaryImageOfPage\":{\"@id\":\"https:\\\/\\\/exaudi.org\\\/es\\\/la-evangelizacion-y-las-redes-sociales\\\/#primaryimage\"},\"image\":{\"@id\":\"https:\\\/\\\/exaudi.org\\\/es\\\/la-evangelizacion-y-las-redes-sociales\\\/#primaryimage\"},\"thumbnailUrl\":\"https:\\\/\\\/exaudi.org\\\/wp-content\\\/uploads\\\/2024\\\/05\\\/Miniatura-youtube-noticias-impactante-naranja-y-negro-8.png\",\"datePublished\":\"2024-05-17T07:15:27+00:00\",\"author\":{\"@id\":\"https:\\\/\\\/exaudi.org\\\/#\\\/schema\\\/person\\\/334968a332d5dad9f94e08897852c6af\"},\"breadcrumb\":{\"@id\":\"https:\\\/\\\/exaudi.org\\\/es\\\/la-evangelizacion-y-las-redes-sociales\\\/#breadcrumb\"},\"inLanguage\":\"es\",\"potentialAction\":[{\"@type\":\"ReadAction\",\"target\":[\"https:\\\/\\\/exaudi.org\\\/es\\\/la-evangelizacion-y-las-redes-sociales\\\/\"]}]},{\"@type\":\"ImageObject\",\"inLanguage\":\"es\",\"@id\":\"https:\\\/\\\/exaudi.org\\\/es\\\/la-evangelizacion-y-las-redes-sociales\\\/#primaryimage\",\"url\":\"https:\\\/\\\/exaudi.org\\\/wp-content\\\/uploads\\\/2024\\\/05\\\/Miniatura-youtube-noticias-impactante-naranja-y-negro-8.png\",\"contentUrl\":\"https:\\\/\\\/exaudi.org\\\/wp-content\\\/uploads\\\/2024\\\/05\\\/Miniatura-youtube-noticias-impactante-naranja-y-negro-8.png\",\"width\":1280,\"height\":720},{\"@type\":\"BreadcrumbList\",\"@id\":\"https:\\\/\\\/exaudi.org\\\/es\\\/la-evangelizacion-y-las-redes-sociales\\\/#breadcrumb\",\"itemListElement\":[{\"@type\":\"ListItem\",\"position\":1,\"name\":\"Portada\",\"item\":\"https:\\\/\\\/exaudi.org\\\/es\\\/\"},{\"@type\":\"ListItem\",\"position\":2,\"name\":\"La Evangelizaci\u00f3n y las Redes Sociales\"}]},{\"@type\":\"WebSite\",\"@id\":\"https:\\\/\\\/exaudi.org\\\/#website\",\"url\":\"https:\\\/\\\/exaudi.org\\\/\",\"name\":\"Exaudi\",\"description\":\"News\",\"potentialAction\":[{\"@type\":\"SearchAction\",\"target\":{\"@type\":\"EntryPoint\",\"urlTemplate\":\"https:\\\/\\\/exaudi.org\\\/?s={search_term_string}\"},\"query-input\":{\"@type\":\"PropertyValueSpecification\",\"valueRequired\":true,\"valueName\":\"search_term_string\"}}],\"inLanguage\":\"es\"},{\"@type\":\"Person\",\"@id\":\"https:\\\/\\\/exaudi.org\\\/#\\\/schema\\\/person\\\/334968a332d5dad9f94e08897852c6af\",\"name\":\"Academia de L\u00edderes Cat\u00f3licos\",\"image\":{\"@type\":\"ImageObject\",\"inLanguage\":\"es\",\"@id\":\"https:\\\/\\\/secure.gravatar.com\\\/avatar\\\/80d80b1e34d8fa01f6b95d10e695853ca4ea7e054050e21ad1a15d546d4600ca?s=96&d=mm&r=g\",\"url\":\"https:\\\/\\\/secure.gravatar.com\\\/avatar\\\/80d80b1e34d8fa01f6b95d10e695853ca4ea7e054050e21ad1a15d546d4600ca?s=96&d=mm&r=g\",\"contentUrl\":\"https:\\\/\\\/secure.gravatar.com\\\/avatar\\\/80d80b1e34d8fa01f6b95d10e695853ca4ea7e054050e21ad1a15d546d4600ca?s=96&d=mm&r=g\",\"caption\":\"Academia de L\u00edderes Cat\u00f3licos\"},\"description\":\"Es una fundaci\u00f3n de derecho privado sin fines de lucro que busca formar cat\u00f3licos que a partir de la experiencia cristiana desarrollen su vocaci\u00f3n pol\u00edtica con la ayuda de la Doctrina Social de la Iglesia. La Academia Latinoamericana de L\u00edderes Cat\u00f3licos tiene como misi\u00f3n, formar l\u00edderes desde una perspectiva cat\u00f3lica, arraigados en la fe de la Iglesia, para transformar el mundo social, pol\u00edtico y econ\u00f3mico a la luz de la Doctrina Social de la Iglesia. Formar una nueva generaci\u00f3n de cat\u00f3licos latinoamericanos con responsabilidades pol\u00edticas y sociales para que transformen el rostro del continente al servicio de sus pueblos, a la luz del Magisterio de la Iglesia y de cara a los Jubileos del V Centenario Guadalupano y de los dos mil a\u00f1os de la redenci\u00f3n.\",\"sameAs\":[\"https:\\\/\\\/liderescatolicos.net\\\/\",\"https:\\\/\\\/www.youtube.com\\\/c\\\/LderesCatlicos\"],\"url\":\"https:\\\/\\\/exaudi.org\\\/es\\\/author\\\/academia-de-lideres-catolicos\\\/\"}]}<\/script>\n<!-- \/ Yoast SEO plugin. -->","yoast_head_json":{"title":"La Evangelizaci\u00f3n y las Redes Sociales &#8211; Exaudi","robots":{"index":"index","follow":"follow","max-snippet":"max-snippet:-1","max-image-preview":"max-image-preview:large","max-video-preview":"max-video-preview:-1"},"canonical":"https:\/\/exaudi.org\/es\/la-evangelizacion-y-las-redes-sociales\/","og_locale":"es_ES","og_type":"article","og_title":"La Evangelizaci\u00f3n y las Redes Sociales &#8211; Exaudi","og_description":"C\u00f3mo las redes sociales y la tecnolog\u00eda transforman la comunicaci\u00f3n y la misi\u00f3n de la Iglesia","og_url":"https:\/\/exaudi.org\/es\/la-evangelizacion-y-las-redes-sociales\/","og_site_name":"Exaudi","article_publisher":"https:\/\/www.facebook.com\/ExaudiNews","article_published_time":"2024-05-17T07:15:27+00:00","og_image":[{"width":1280,"height":720,"url":"https:\/\/exaudi.org\/wp-content\/uploads\/2024\/05\/Miniatura-youtube-noticias-impactante-naranja-y-negro-8.png","type":"image\/png"}],"author":"Academia de L\u00edderes Cat\u00f3licos","twitter_card":"summary_large_image","twitter_creator":"@Exaudi_News","twitter_site":"@Exaudi_News","twitter_misc":{"Escrito por":"Academia de L\u00edderes Cat\u00f3licos","Tiempo de lectura":"4 minutos"},"schema":{"@context":"https:\/\/schema.org","@graph":[{"@type":"Article","@id":"https:\/\/exaudi.org\/es\/la-evangelizacion-y-las-redes-sociales\/#article","isPartOf":{"@id":"https:\/\/exaudi.org\/es\/la-evangelizacion-y-las-redes-sociales\/"},"author":{"name":"Academia de L\u00edderes Cat\u00f3licos","@id":"https:\/\/exaudi.org\/#\/schema\/person\/334968a332d5dad9f94e08897852c6af"},"headline":"La Evangelizaci\u00f3n y las Redes Sociales","datePublished":"2024-05-17T07:15:27+00:00","mainEntityOfPage":{"@id":"https:\/\/exaudi.org\/es\/la-evangelizacion-y-las-redes-sociales\/"},"wordCount":870,"image":{"@id":"https:\/\/exaudi.org\/es\/la-evangelizacion-y-las-redes-sociales\/#primaryimage"},"thumbnailUrl":"https:\/\/exaudi.org\/wp-content\/uploads\/2024\/05\/Miniatura-youtube-noticias-impactante-naranja-y-negro-8.png","keywords":["Arist\u00f3teles","Comunicaci\u00f3n Humana","Cultura del Encuentro","Cultura Digital","Evangelizaci\u00f3n en el Siglo XXI","Giovanni Sartori","Globalizaci\u00f3n de la Esperanza","Homo Videns","Identidad en Redes Sociales","Impacto de las Redes Sociales","Inteligencia Artificial","La Evangelizaci\u00f3n y las Redes Sociales","Misi\u00f3n de la Iglesia","Pandemia Covid-19","papa francisco","Redes sociales","Ser Social","Tecnolog\u00eda y Comunicaci\u00f3n","Trending","Walter Alfredo Garcia Roquel"],"articleSection":["Voces"],"inLanguage":"es"},{"@type":"WebPage","@id":"https:\/\/exaudi.org\/es\/la-evangelizacion-y-las-redes-sociales\/","url":"https:\/\/exaudi.org\/es\/la-evangelizacion-y-las-redes-sociales\/","name":"La Evangelizaci\u00f3n y las Redes Sociales &#8211; Exaudi","isPartOf":{"@id":"https:\/\/exaudi.org\/#website"},"primaryImageOfPage":{"@id":"https:\/\/exaudi.org\/es\/la-evangelizacion-y-las-redes-sociales\/#primaryimage"},"image":{"@id":"https:\/\/exaudi.org\/es\/la-evangelizacion-y-las-redes-sociales\/#primaryimage"},"thumbnailUrl":"https:\/\/exaudi.org\/wp-content\/uploads\/2024\/05\/Miniatura-youtube-noticias-impactante-naranja-y-negro-8.png","datePublished":"2024-05-17T07:15:27+00:00","author":{"@id":"https:\/\/exaudi.org\/#\/schema\/person\/334968a332d5dad9f94e08897852c6af"},"breadcrumb":{"@id":"https:\/\/exaudi.org\/es\/la-evangelizacion-y-las-redes-sociales\/#breadcrumb"},"inLanguage":"es","potentialAction":[{"@type":"ReadAction","target":["https:\/\/exaudi.org\/es\/la-evangelizacion-y-las-redes-sociales\/"]}]},{"@type":"ImageObject","inLanguage":"es","@id":"https:\/\/exaudi.org\/es\/la-evangelizacion-y-las-redes-sociales\/#primaryimage","url":"https:\/\/exaudi.org\/wp-content\/uploads\/2024\/05\/Miniatura-youtube-noticias-impactante-naranja-y-negro-8.png","contentUrl":"https:\/\/exaudi.org\/wp-content\/uploads\/2024\/05\/Miniatura-youtube-noticias-impactante-naranja-y-negro-8.png","width":1280,"height":720},{"@type":"BreadcrumbList","@id":"https:\/\/exaudi.org\/es\/la-evangelizacion-y-las-redes-sociales\/#breadcrumb","itemListElement":[{"@type":"ListItem","position":1,"name":"Portada","item":"https:\/\/exaudi.org\/es\/"},{"@type":"ListItem","position":2,"name":"La Evangelizaci\u00f3n y las Redes Sociales"}]},{"@type":"WebSite","@id":"https:\/\/exaudi.org\/#website","url":"https:\/\/exaudi.org\/","name":"Exaudi","description":"News","potentialAction":[{"@type":"SearchAction","target":{"@type":"EntryPoint","urlTemplate":"https:\/\/exaudi.org\/?s={search_term_string}"},"query-input":{"@type":"PropertyValueSpecification","valueRequired":true,"valueName":"search_term_string"}}],"inLanguage":"es"},{"@type":"Person","@id":"https:\/\/exaudi.org\/#\/schema\/person\/334968a332d5dad9f94e08897852c6af","name":"Academia de L\u00edderes Cat\u00f3licos","image":{"@type":"ImageObject","inLanguage":"es","@id":"https:\/\/secure.gravatar.com\/avatar\/80d80b1e34d8fa01f6b95d10e695853ca4ea7e054050e21ad1a15d546d4600ca?s=96&d=mm&r=g","url":"https:\/\/secure.gravatar.com\/avatar\/80d80b1e34d8fa01f6b95d10e695853ca4ea7e054050e21ad1a15d546d4600ca?s=96&d=mm&r=g","contentUrl":"https:\/\/secure.gravatar.com\/avatar\/80d80b1e34d8fa01f6b95d10e695853ca4ea7e054050e21ad1a15d546d4600ca?s=96&d=mm&r=g","caption":"Academia de L\u00edderes Cat\u00f3licos"},"description":"Es una fundaci\u00f3n de derecho privado sin fines de lucro que busca formar cat\u00f3licos que a partir de la experiencia cristiana desarrollen su vocaci\u00f3n pol\u00edtica con la ayuda de la Doctrina Social de la Iglesia. La Academia Latinoamericana de L\u00edderes Cat\u00f3licos tiene como misi\u00f3n, formar l\u00edderes desde una perspectiva cat\u00f3lica, arraigados en la fe de la Iglesia, para transformar el mundo social, pol\u00edtico y econ\u00f3mico a la luz de la Doctrina Social de la Iglesia. Formar una nueva generaci\u00f3n de cat\u00f3licos latinoamericanos con responsabilidades pol\u00edticas y sociales para que transformen el rostro del continente al servicio de sus pueblos, a la luz del Magisterio de la Iglesia y de cara a los Jubileos del V Centenario Guadalupano y de los dos mil a\u00f1os de la redenci\u00f3n.","sameAs":["https:\/\/liderescatolicos.net\/","https:\/\/www.youtube.com\/c\/LderesCatlicos"],"url":"https:\/\/exaudi.org\/es\/author\/academia-de-lideres-catolicos\/"}]}},"jetpack_featured_media_url":"https:\/\/exaudi.org\/wp-content\/uploads\/2024\/05\/Miniatura-youtube-noticias-impactante-naranja-y-negro-8.png","jetpack_shortlink":"https:\/\/wp.me\/pgKjF2-qcn","_links":{"self":[{"href":"https:\/\/exaudi.org\/es\/wp-json\/wp\/v2\/posts\/100711","targetHints":{"allow":["GET"]}}],"collection":[{"href":"https:\/\/exaudi.org\/es\/wp-json\/wp\/v2\/posts"}],"about":[{"href":"https:\/\/exaudi.org\/es\/wp-json\/wp\/v2\/types\/post"}],"author":[{"embeddable":true,"href":"https:\/\/exaudi.org\/es\/wp-json\/wp\/v2\/users\/107"}],"replies":[{"embeddable":true,"href":"https:\/\/exaudi.org\/es\/wp-json\/wp\/v2\/comments?post=100711"}],"version-history":[{"count":0,"href":"https:\/\/exaudi.org\/es\/wp-json\/wp\/v2\/posts\/100711\/revisions"}],"wp:featuredmedia":[{"embeddable":true,"href":"https:\/\/exaudi.org\/es\/wp-json\/wp\/v2\/media\/100712"}],"wp:attachment":[{"href":"https:\/\/exaudi.org\/es\/wp-json\/wp\/v2\/media?parent=100711"}],"wp:term":[{"taxonomy":"category","embeddable":true,"href":"https:\/\/exaudi.org\/es\/wp-json\/wp\/v2\/categories?post=100711"},{"taxonomy":"post_tag","embeddable":true,"href":"https:\/\/exaudi.org\/es\/wp-json\/wp\/v2\/tags?post=100711"}],"curies":[{"name":"wp","href":"https:\/\/api.w.org\/{rel}","templated":true}]}}