{"id":100603,"date":"2024-05-16T12:38:27","date_gmt":"2024-05-16T10:38:27","guid":{"rendered":"https:\/\/exaudi.org\/?p=100603"},"modified":"2024-05-16T12:41:02","modified_gmt":"2024-05-16T10:41:02","slug":"genaro-ejemplo-de-fe-y-de-amor-a-la-virgen-en-el-altiplano-de-peru","status":"publish","type":"post","link":"https:\/\/exaudi.org\/es\/genaro-ejemplo-de-fe-y-de-amor-a-la-virgen-en-el-altiplano-de-peru\/","title":{"rendered":"Genaro, ejemplo de fe y de amor a la Virgen en el Altiplano de Per\u00fa"},"content":{"rendered":"<p>\u00abHola Padre, gracias por visitarnos. Necesito hablar con usted\u00bb. Con estas palabras fue recibido el padre David O&#8217;Connor, sacerdote misionero de Irlanda, cuando fue a visitar a Genaro, de 85 a\u00f1os, en una remota regi\u00f3n a m\u00e1s de 4000 metros de altura en el altiplano de Puno en Per\u00fa. Para su gran sorpresa, Genaro le dijo: \u00abHe decidido abandonar la Iglesia cat\u00f3lica\u00bb. El padre David se sobresalt\u00f3, porque sab\u00eda que Genaro era un cat\u00f3lico devoto de gran fe durante muchos a\u00f1os.<\/p>\n<figure id=\"attachment_100616\" aria-describedby=\"caption-attachment-100616\" style=\"width: 2560px\" class=\"wp-caption alignleft\"><img loading=\"lazy\" decoding=\"async\" class=\"size-full wp-image-100616\" src=\"https:\/\/exaudi.org\/wp-content\/uploads\/2024\/05\/ACN-20230719-149887-scaled.jpg\" alt=\"\" width=\"2560\" height=\"1711\" srcset=\"https:\/\/exaudi.org\/wp-content\/uploads\/2024\/05\/ACN-20230719-149887-scaled.jpg 2560w, https:\/\/exaudi.org\/wp-content\/uploads\/2024\/05\/ACN-20230719-149887-300x201.jpg 300w, https:\/\/exaudi.org\/wp-content\/uploads\/2024\/05\/ACN-20230719-149887-1024x685.jpg 1024w, https:\/\/exaudi.org\/wp-content\/uploads\/2024\/05\/ACN-20230719-149887-770x515.jpg 770w, https:\/\/exaudi.org\/wp-content\/uploads\/2024\/05\/ACN-20230719-149887-1536x1027.jpg 1536w, https:\/\/exaudi.org\/wp-content\/uploads\/2024\/05\/ACN-20230719-149887-2048x1369.jpg 2048w, https:\/\/exaudi.org\/wp-content\/uploads\/2024\/05\/ACN-20230719-149887-360x240.jpg?crop=1 360w, https:\/\/exaudi.org\/wp-content\/uploads\/2024\/05\/ACN-20230719-149887-500x334.jpg 500w, https:\/\/exaudi.org\/wp-content\/uploads\/2024\/05\/ACN-20230719-149887-370x247.jpg 370w, https:\/\/exaudi.org\/wp-content\/uploads\/2024\/05\/ACN-20230719-149887-293x196.jpg 293w, https:\/\/exaudi.org\/wp-content\/uploads\/2024\/05\/ACN-20230719-149887-1400x936.jpg 1400w, https:\/\/exaudi.org\/wp-content\/uploads\/2024\/05\/ACN-20230719-149887-120x80.jpg 120w, https:\/\/exaudi.org\/wp-content\/uploads\/2024\/05\/ACN-20230719-149887-240x160.jpg 240w, https:\/\/exaudi.org\/wp-content\/uploads\/2024\/05\/ACN-20230719-149887-390x261.jpg 390w\" sizes=\"auto, (max-width: 2560px) 100vw, 2560px\" \/><figcaption id=\"caption-attachment-100616\" class=\"wp-caption-text\">ACN<\/figcaption><\/figure>\n<p>El padre David cuenta a la fundaci\u00f3n Aid to the Church in Need (ACN) c\u00f3mo Genaro iba cada s\u00e1bado a la iglesia para la adoraci\u00f3n eucar\u00edstica. Genaro sufr\u00eda terriblemente a causa de su delicada salud. Debido a su artritis, no pod\u00eda hacer la genuflexi\u00f3n, sino que hac\u00eda \u00abuna reverencia enormemente profunda a partir de la cintura\u00bb. Un s\u00e1bado, el padre David recuerda haber escuchado la intimidad con la que Genaro hablaba con Jes\u00fas en la Eucar\u00edstia: Le dio las gracias por su hija que lo cuidaba y por el p\u00e1rroco que le daba una comida diaria, entre otras cosas. Entonces comenz\u00f3 a llorar y pidi\u00f3 al Se\u00f1or que lo curara, ya que estaba perdiendo la vista y estaba cansado de su artritis cr\u00f3nica y de tantos otros sufrimientos. Cuando se qued\u00f3 sin cosas que decir, rez\u00f3 algunos Padrenuestros y Avemar\u00edas. Despu\u00e9s de una hora m\u00e1s o menos, se puso de pie e hizo la inclinaci\u00f3n solemne frente al Sant\u00edsimo Sacramento y dijo en voz alta: \u201cSe\u00f1or, el pr\u00f3ximo s\u00e1bado vendr\u00e9 a verte\u201d.<\/p>\n<p><strong>\u201cEstoy harto de sufrir\u201d<\/strong><\/p>\n<p>Debido a la profunda fe y la confianza en Dios de Genaro, el sacerdote irland\u00e9s se sorprendi\u00f3 al escuchar que estaba pensando en abandonar la Iglesia. Entonces, el anciano le explic\u00f3 al padre David que hab\u00eda escuchado en la radio a un pastor protestante prometiendo que cualquiera que fuese a su iglesia ser\u00eda curado de sus enfermedades. \u00abPadre, llevo a\u00f1os yendo a la Iglesia cat\u00f3lica pidiendo ser sanado y todav\u00eda estoy muy enfermo. Estoy harto de sufrir\u00bb, se lament\u00f3 Genaro.<\/p>\n<figure id=\"attachment_100610\" aria-describedby=\"caption-attachment-100610\" style=\"width: 2560px\" class=\"wp-caption alignright\"><img loading=\"lazy\" decoding=\"async\" class=\"size-full wp-image-100610\" src=\"https:\/\/exaudi.org\/wp-content\/uploads\/2024\/05\/ACN-20230719-149913-scaled.jpg\" alt=\"\" width=\"2560\" height=\"1711\" srcset=\"https:\/\/exaudi.org\/wp-content\/uploads\/2024\/05\/ACN-20230719-149913-scaled.jpg 2560w, https:\/\/exaudi.org\/wp-content\/uploads\/2024\/05\/ACN-20230719-149913-300x201.jpg 300w, https:\/\/exaudi.org\/wp-content\/uploads\/2024\/05\/ACN-20230719-149913-1024x685.jpg 1024w, https:\/\/exaudi.org\/wp-content\/uploads\/2024\/05\/ACN-20230719-149913-770x515.jpg 770w, https:\/\/exaudi.org\/wp-content\/uploads\/2024\/05\/ACN-20230719-149913-1536x1027.jpg 1536w, https:\/\/exaudi.org\/wp-content\/uploads\/2024\/05\/ACN-20230719-149913-2048x1369.jpg 2048w, https:\/\/exaudi.org\/wp-content\/uploads\/2024\/05\/ACN-20230719-149913-360x240.jpg?crop=1 360w, https:\/\/exaudi.org\/wp-content\/uploads\/2024\/05\/ACN-20230719-149913-500x334.jpg 500w, https:\/\/exaudi.org\/wp-content\/uploads\/2024\/05\/ACN-20230719-149913-370x247.jpg 370w, https:\/\/exaudi.org\/wp-content\/uploads\/2024\/05\/ACN-20230719-149913-293x196.jpg 293w, https:\/\/exaudi.org\/wp-content\/uploads\/2024\/05\/ACN-20230719-149913-1400x936.jpg 1400w, https:\/\/exaudi.org\/wp-content\/uploads\/2024\/05\/ACN-20230719-149913-120x80.jpg 120w, https:\/\/exaudi.org\/wp-content\/uploads\/2024\/05\/ACN-20230719-149913-240x160.jpg 240w, https:\/\/exaudi.org\/wp-content\/uploads\/2024\/05\/ACN-20230719-149913-390x261.jpg 390w\" sizes=\"auto, (max-width: 2560px) 100vw, 2560px\" \/><figcaption id=\"caption-attachment-100610\" class=\"wp-caption-text\">ACN<\/figcaption><\/figure>\n<p>El padre David, socio de proyectos de ACN, era consciente que las sectas protestantes han crecido en Per\u00fa y en toda Am\u00e9rica Latina en las \u00faltimas d\u00e9cadas, que trabajan muy agresivamente para convencer a los cat\u00f3licos a dejar su fe. Pero tambi\u00e9n sab\u00eda que atacan con frecuencia la veneraci\u00f3n a la Virgen. No sab\u00eda c\u00f3mo explicarle que ni siquiera la mejor cl\u00ednica del pa\u00eds pod\u00eda curar su dolor, pero sabiendo de la gran devoci\u00f3n personal y amor de Gerardo por la Madre de Dios, el padre David le dijo: \u00abPero, Genaro, ellos no aman a Nuestra Se\u00f1ora\u00bb. Sin pesta\u00f1ear, Genaro respondi\u00f3 convencido: \u00abAh, de acuerdo, entonces no ir\u00e9\u00bb.<\/p>\n<h3><strong>\u201cQuiero practicar mi fe, pero no es f\u00e1cil donde yo vivo\u201d <\/strong><\/h3>\n<p>La historia de Genaro es solo un ejemplo del gran amor que todos los peruanos tienen a la Virgen Mar\u00eda, \u00a0especialmente el pueblo quechua al que el padre David atiende principalmente en su ministerio. \u00abCreo que, a menudo, tienen un trato m\u00e1s cercano con Nuestra Se\u00f1ora y los santos que nosotros. Tengo la sensaci\u00f3n de que tienen la idea de que es como hablar con una persona de carne y hueso, es una interacci\u00f3n muy cercana y personal\u00bb, dice el misionero, que dej\u00f3 Irlanda despu\u00e9s de terminar la carrera de inform\u00e1tica para convertirse en sacerdote en Per\u00fa,\u00a0 ahora se encuentra incardinado en la prelatura de Huancan\u00e9.<\/p>\n<p>A pesar de ello, como resultado de la falta de sacerdotes en algunas partes del Per\u00fa, muchos se han terminado uniendo a las sectas protestantes. El padre David recuerda haberle preguntado a una feligresa &#8211; por qu\u00e9 se iba a las celebraciones de una secta religiosa. \u00abPorque quiero escuchar la Palabra de Dios, pero usted no viene a vernos\u00bb, le respondi\u00f3 al sacerdote. Cuando el padre David le pregunt\u00f3 que har\u00eda si hubiera m\u00e1s presencia cat\u00f3lica en su pueblo, ella respondi\u00f3: \u00abPor supuesto volver\u00eda a las celebraciones cat\u00f3licas. Quiero practicar mi fe, pero no es tan f\u00e1cil donde yo vivo\u201d.<\/p>\n<p>Afortunadamente, el padre David estaba all\u00ed para acompa\u00f1ar a Gerardo cuando estaba pasando por un momento dif\u00edcil de su vida. No siempre es as\u00ed. \u00abPor favor\u201d, pide el padre David a los benefactores de ACN, \u201coren por las vocaciones, especialmente al sacerdocio, por nuestra dif\u00edcil pero hermosa misi\u00f3n en la prelatura de Huancan\u00e9, para que podamos llevar la verdad y la luz del Evangelio a tantas almas que sufren\u00bb.<\/p>\n","protected":false},"excerpt":{"rendered":"<p>Un misionero irland\u00e9s habla a ACN sobre el amor del pueblo peruano por la Virgen y el peligro de que las sectas protestantes aprovechen la escasez de sacerdotes en el pa\u00eds para captar a cat\u00f3licos<\/p>\n","protected":false},"author":89,"featured_media":100613,"comment_status":"closed","ping_status":"closed","sticky":false,"template":"","format":"standard","meta":{"_acf_changed":false,"_crdt_document":"","inline_featured_image":false,"footnotes":""},"categories":[74],"tags":[325,15486,1761,1462,8422,8677,15489,3164,15485,15491,15487,15488,4953,9639,15490],"class_list":["post-100603","post","type-post","status-publish","format-standard","has-post-thumbnail","hentry","category-iglesia-y-mundo","tag-acn","tag-altiplano-de-peru","tag-amor","tag-ayuda-a-la-iglesia-necesitada-acn","tag-catolicismo","tag-devocion","tag-falta-de-sacerdotes","tag-fe-es","tag-genaro","tag-huancane","tag-sacerdote-misionero","tag-sectas-protestantes","tag-trending-es","tag-virgen","tag-vocaciones-sacerdotales"],"acf":[],"yoast_head":"<!-- This site is optimized with the Yoast SEO plugin v27.4 - https:\/\/yoast.com\/product\/yoast-seo-wordpress\/ -->\n<title>Genaro, ejemplo de fe y de amor a la Virgen en el Altiplano de Per\u00fa &#8211; Exaudi<\/title>\n<meta name=\"robots\" content=\"index, follow, max-snippet:-1, max-image-preview:large, max-video-preview:-1\" \/>\n<link rel=\"canonical\" href=\"https:\/\/exaudi.org\/es\/genaro-ejemplo-de-fe-y-de-amor-a-la-virgen-en-el-altiplano-de-peru\/\" \/>\n<meta property=\"og:locale\" content=\"es_ES\" \/>\n<meta property=\"og:type\" content=\"article\" \/>\n<meta property=\"og:title\" content=\"Genaro, ejemplo de fe y de amor a la Virgen en el Altiplano de Per\u00fa &#8211; Exaudi\" \/>\n<meta property=\"og:description\" content=\"Un misionero irland\u00e9s habla a ACN sobre el amor del pueblo peruano por la Virgen y el peligro de que las sectas protestantes aprovechen la escasez de sacerdotes en el pa\u00eds para captar a cat\u00f3licos\" \/>\n<meta property=\"og:url\" content=\"https:\/\/exaudi.org\/es\/genaro-ejemplo-de-fe-y-de-amor-a-la-virgen-en-el-altiplano-de-peru\/\" \/>\n<meta property=\"og:site_name\" content=\"Exaudi\" \/>\n<meta property=\"article:publisher\" content=\"https:\/\/www.facebook.com\/ExaudiNews\" \/>\n<meta property=\"article:author\" content=\"https:\/\/www.facebook.com\/ayudaalaiglesianecesitada\/?ref=ts\" \/>\n<meta property=\"article:published_time\" content=\"2024-05-16T10:38:27+00:00\" \/>\n<meta property=\"article:modified_time\" content=\"2024-05-16T10:41:02+00:00\" \/>\n<meta property=\"og:image\" content=\"https:\/\/exaudi.org\/wp-content\/uploads\/2024\/05\/ACN-20230719-149890-scaled.jpg\" \/>\n\t<meta property=\"og:image:width\" content=\"2560\" \/>\n\t<meta property=\"og:image:height\" content=\"1711\" \/>\n\t<meta property=\"og:image:type\" content=\"image\/jpeg\" \/>\n<meta name=\"author\" content=\"Ayuda a la Iglesia Necesitada\" \/>\n<meta name=\"twitter:card\" content=\"summary_large_image\" \/>\n<meta name=\"twitter:creator\" content=\"@https:\/\/x.com\/AyudaIglesNeces\" \/>\n<meta name=\"twitter:site\" content=\"@Exaudi_News\" \/>\n<meta name=\"twitter:label1\" content=\"Escrito por\" \/>\n\t<meta name=\"twitter:data1\" content=\"Ayuda a la Iglesia Necesitada\" \/>\n\t<meta name=\"twitter:label2\" content=\"Tiempo de lectura\" \/>\n\t<meta name=\"twitter:data2\" content=\"4 minutos\" \/>\n<script type=\"application\/ld+json\" class=\"yoast-schema-graph\">{\"@context\":\"https:\\\/\\\/schema.org\",\"@graph\":[{\"@type\":\"Article\",\"@id\":\"https:\\\/\\\/exaudi.org\\\/es\\\/genaro-ejemplo-de-fe-y-de-amor-a-la-virgen-en-el-altiplano-de-peru\\\/#article\",\"isPartOf\":{\"@id\":\"https:\\\/\\\/exaudi.org\\\/es\\\/genaro-ejemplo-de-fe-y-de-amor-a-la-virgen-en-el-altiplano-de-peru\\\/\"},\"author\":{\"name\":\"Ayuda a la Iglesia Necesitada\",\"@id\":\"https:\\\/\\\/exaudi.org\\\/#\\\/schema\\\/person\\\/d4906ab3b6c174ffe37d722c51c73317\"},\"headline\":\"Genaro, ejemplo de fe y de amor a la Virgen en el Altiplano de Per\u00fa\",\"datePublished\":\"2024-05-16T10:38:27+00:00\",\"dateModified\":\"2024-05-16T10:41:02+00:00\",\"mainEntityOfPage\":{\"@id\":\"https:\\\/\\\/exaudi.org\\\/es\\\/genaro-ejemplo-de-fe-y-de-amor-a-la-virgen-en-el-altiplano-de-peru\\\/\"},\"wordCount\":829,\"image\":{\"@id\":\"https:\\\/\\\/exaudi.org\\\/es\\\/genaro-ejemplo-de-fe-y-de-amor-a-la-virgen-en-el-altiplano-de-peru\\\/#primaryimage\"},\"thumbnailUrl\":\"https:\\\/\\\/exaudi.org\\\/wp-content\\\/uploads\\\/2024\\\/05\\\/ACN-20230719-149890-scaled.jpg\",\"keywords\":[\"ACN\",\"Altiplano de Per\u00fa\",\"Amor\",\"Ayuda a la Iglesia Necesitada (ACN)\",\"Catolicismo\",\"Devoci\u00f3n\",\"falta de sacerdotes\",\"fe\",\"Genaro\",\"Huancan\u00e9\",\"sacerdote misionero\",\"sectas protestantes\",\"Trending\",\"Virgen\",\"vocaciones sacerdotales\"],\"articleSection\":[\"Iglesia y Mundo\"],\"inLanguage\":\"es\"},{\"@type\":\"WebPage\",\"@id\":\"https:\\\/\\\/exaudi.org\\\/es\\\/genaro-ejemplo-de-fe-y-de-amor-a-la-virgen-en-el-altiplano-de-peru\\\/\",\"url\":\"https:\\\/\\\/exaudi.org\\\/es\\\/genaro-ejemplo-de-fe-y-de-amor-a-la-virgen-en-el-altiplano-de-peru\\\/\",\"name\":\"Genaro, ejemplo de fe y de amor a la Virgen en el Altiplano de Per\u00fa &#8211; Exaudi\",\"isPartOf\":{\"@id\":\"https:\\\/\\\/exaudi.org\\\/#website\"},\"primaryImageOfPage\":{\"@id\":\"https:\\\/\\\/exaudi.org\\\/es\\\/genaro-ejemplo-de-fe-y-de-amor-a-la-virgen-en-el-altiplano-de-peru\\\/#primaryimage\"},\"image\":{\"@id\":\"https:\\\/\\\/exaudi.org\\\/es\\\/genaro-ejemplo-de-fe-y-de-amor-a-la-virgen-en-el-altiplano-de-peru\\\/#primaryimage\"},\"thumbnailUrl\":\"https:\\\/\\\/exaudi.org\\\/wp-content\\\/uploads\\\/2024\\\/05\\\/ACN-20230719-149890-scaled.jpg\",\"datePublished\":\"2024-05-16T10:38:27+00:00\",\"dateModified\":\"2024-05-16T10:41:02+00:00\",\"author\":{\"@id\":\"https:\\\/\\\/exaudi.org\\\/#\\\/schema\\\/person\\\/d4906ab3b6c174ffe37d722c51c73317\"},\"breadcrumb\":{\"@id\":\"https:\\\/\\\/exaudi.org\\\/es\\\/genaro-ejemplo-de-fe-y-de-amor-a-la-virgen-en-el-altiplano-de-peru\\\/#breadcrumb\"},\"inLanguage\":\"es\",\"potentialAction\":[{\"@type\":\"ReadAction\",\"target\":[\"https:\\\/\\\/exaudi.org\\\/es\\\/genaro-ejemplo-de-fe-y-de-amor-a-la-virgen-en-el-altiplano-de-peru\\\/\"]}]},{\"@type\":\"ImageObject\",\"inLanguage\":\"es\",\"@id\":\"https:\\\/\\\/exaudi.org\\\/es\\\/genaro-ejemplo-de-fe-y-de-amor-a-la-virgen-en-el-altiplano-de-peru\\\/#primaryimage\",\"url\":\"https:\\\/\\\/exaudi.org\\\/wp-content\\\/uploads\\\/2024\\\/05\\\/ACN-20230719-149890-scaled.jpg\",\"contentUrl\":\"https:\\\/\\\/exaudi.org\\\/wp-content\\\/uploads\\\/2024\\\/05\\\/ACN-20230719-149890-scaled.jpg\",\"width\":2560,\"height\":1711,\"caption\":\"ACN\"},{\"@type\":\"BreadcrumbList\",\"@id\":\"https:\\\/\\\/exaudi.org\\\/es\\\/genaro-ejemplo-de-fe-y-de-amor-a-la-virgen-en-el-altiplano-de-peru\\\/#breadcrumb\",\"itemListElement\":[{\"@type\":\"ListItem\",\"position\":1,\"name\":\"Portada\",\"item\":\"https:\\\/\\\/exaudi.org\\\/es\\\/\"},{\"@type\":\"ListItem\",\"position\":2,\"name\":\"Genaro, ejemplo de fe y de amor a la Virgen en el Altiplano de Per\u00fa\"}]},{\"@type\":\"WebSite\",\"@id\":\"https:\\\/\\\/exaudi.org\\\/#website\",\"url\":\"https:\\\/\\\/exaudi.org\\\/\",\"name\":\"Exaudi\",\"description\":\"News\",\"potentialAction\":[{\"@type\":\"SearchAction\",\"target\":{\"@type\":\"EntryPoint\",\"urlTemplate\":\"https:\\\/\\\/exaudi.org\\\/?s={search_term_string}\"},\"query-input\":{\"@type\":\"PropertyValueSpecification\",\"valueRequired\":true,\"valueName\":\"search_term_string\"}}],\"inLanguage\":\"es\"},{\"@type\":\"Person\",\"@id\":\"https:\\\/\\\/exaudi.org\\\/#\\\/schema\\\/person\\\/d4906ab3b6c174ffe37d722c51c73317\",\"name\":\"Ayuda a la Iglesia Necesitada\",\"image\":{\"@type\":\"ImageObject\",\"inLanguage\":\"es\",\"@id\":\"https:\\\/\\\/secure.gravatar.com\\\/avatar\\\/18b646e6575a46729bc25d1c374d5965acb9854728a2929ada390e85905160db?s=96&d=mm&r=g\",\"url\":\"https:\\\/\\\/secure.gravatar.com\\\/avatar\\\/18b646e6575a46729bc25d1c374d5965acb9854728a2929ada390e85905160db?s=96&d=mm&r=g\",\"contentUrl\":\"https:\\\/\\\/secure.gravatar.com\\\/avatar\\\/18b646e6575a46729bc25d1c374d5965acb9854728a2929ada390e85905160db?s=96&d=mm&r=g\",\"caption\":\"Ayuda a la Iglesia Necesitada\"},\"description\":\"Ayuda a la Iglesia Necesitada (ACN) es la Fundaci\u00f3n Pontificia que apoya a la Iglesia cat\u00f3lica en su labor evangelizadora en las comunidades m\u00e1s necesitadas, discriminadas y perseguidas del mundo. Cada a\u00f1o, ACN financia m\u00e1s de 5.000 proyectos pastorales y de emergencia humanitaria en m\u00e1s de 130 pa\u00edses. Cuenta con m\u00e1s de 20 oficinas en el mundo (en Espa\u00f1a desde 1965), dedicadas a informar sobre la realidad de estos cristianos; al fomento de la oraci\u00f3n, y a la recaudaci\u00f3n de fondos para la cobertura de proyectos. El 100% de los proyectos que desarrolla ACN se sostienen gracias a los donativos de personas f\u00edsicas u organizaciones que valoran la labor de la Iglesia en el mundo. La Fundaci\u00f3n no recibe subvenciones de organismos p\u00fablicos.\",\"sameAs\":[\"https:\\\/\\\/www.facebook.com\\\/ayudaalaiglesianecesitada\\\/?ref=ts\",\"https:\\\/\\\/www.instagram.com\\\/ayudaiglesianecesitada\\\/\",\"https:\\\/\\\/x.com\\\/https:\\\/\\\/x.com\\\/AyudaIglesNeces\",\"https:\\\/\\\/www.youtube.com\\\/user\\\/AINorg\"],\"url\":\"https:\\\/\\\/exaudi.org\\\/es\\\/author\\\/ayudaalaiglesianecesitada\\\/\"}]}<\/script>\n<!-- \/ Yoast SEO plugin. -->","yoast_head_json":{"title":"Genaro, ejemplo de fe y de amor a la Virgen en el Altiplano de Per\u00fa &#8211; Exaudi","robots":{"index":"index","follow":"follow","max-snippet":"max-snippet:-1","max-image-preview":"max-image-preview:large","max-video-preview":"max-video-preview:-1"},"canonical":"https:\/\/exaudi.org\/es\/genaro-ejemplo-de-fe-y-de-amor-a-la-virgen-en-el-altiplano-de-peru\/","og_locale":"es_ES","og_type":"article","og_title":"Genaro, ejemplo de fe y de amor a la Virgen en el Altiplano de Per\u00fa &#8211; Exaudi","og_description":"Un misionero irland\u00e9s habla a ACN sobre el amor del pueblo peruano por la Virgen y el peligro de que las sectas protestantes aprovechen la escasez de sacerdotes en el pa\u00eds para captar a cat\u00f3licos","og_url":"https:\/\/exaudi.org\/es\/genaro-ejemplo-de-fe-y-de-amor-a-la-virgen-en-el-altiplano-de-peru\/","og_site_name":"Exaudi","article_publisher":"https:\/\/www.facebook.com\/ExaudiNews","article_author":"https:\/\/www.facebook.com\/ayudaalaiglesianecesitada\/?ref=ts","article_published_time":"2024-05-16T10:38:27+00:00","article_modified_time":"2024-05-16T10:41:02+00:00","og_image":[{"width":2560,"height":1711,"url":"https:\/\/exaudi.org\/wp-content\/uploads\/2024\/05\/ACN-20230719-149890-scaled.jpg","type":"image\/jpeg"}],"author":"Ayuda a la Iglesia Necesitada","twitter_card":"summary_large_image","twitter_creator":"@https:\/\/x.com\/AyudaIglesNeces","twitter_site":"@Exaudi_News","twitter_misc":{"Escrito por":"Ayuda a la Iglesia Necesitada","Tiempo de lectura":"4 minutos"},"schema":{"@context":"https:\/\/schema.org","@graph":[{"@type":"Article","@id":"https:\/\/exaudi.org\/es\/genaro-ejemplo-de-fe-y-de-amor-a-la-virgen-en-el-altiplano-de-peru\/#article","isPartOf":{"@id":"https:\/\/exaudi.org\/es\/genaro-ejemplo-de-fe-y-de-amor-a-la-virgen-en-el-altiplano-de-peru\/"},"author":{"name":"Ayuda a la Iglesia Necesitada","@id":"https:\/\/exaudi.org\/#\/schema\/person\/d4906ab3b6c174ffe37d722c51c73317"},"headline":"Genaro, ejemplo de fe y de amor a la Virgen en el Altiplano de Per\u00fa","datePublished":"2024-05-16T10:38:27+00:00","dateModified":"2024-05-16T10:41:02+00:00","mainEntityOfPage":{"@id":"https:\/\/exaudi.org\/es\/genaro-ejemplo-de-fe-y-de-amor-a-la-virgen-en-el-altiplano-de-peru\/"},"wordCount":829,"image":{"@id":"https:\/\/exaudi.org\/es\/genaro-ejemplo-de-fe-y-de-amor-a-la-virgen-en-el-altiplano-de-peru\/#primaryimage"},"thumbnailUrl":"https:\/\/exaudi.org\/wp-content\/uploads\/2024\/05\/ACN-20230719-149890-scaled.jpg","keywords":["ACN","Altiplano de Per\u00fa","Amor","Ayuda a la Iglesia Necesitada (ACN)","Catolicismo","Devoci\u00f3n","falta de sacerdotes","fe","Genaro","Huancan\u00e9","sacerdote misionero","sectas protestantes","Trending","Virgen","vocaciones sacerdotales"],"articleSection":["Iglesia y Mundo"],"inLanguage":"es"},{"@type":"WebPage","@id":"https:\/\/exaudi.org\/es\/genaro-ejemplo-de-fe-y-de-amor-a-la-virgen-en-el-altiplano-de-peru\/","url":"https:\/\/exaudi.org\/es\/genaro-ejemplo-de-fe-y-de-amor-a-la-virgen-en-el-altiplano-de-peru\/","name":"Genaro, ejemplo de fe y de amor a la Virgen en el Altiplano de Per\u00fa &#8211; Exaudi","isPartOf":{"@id":"https:\/\/exaudi.org\/#website"},"primaryImageOfPage":{"@id":"https:\/\/exaudi.org\/es\/genaro-ejemplo-de-fe-y-de-amor-a-la-virgen-en-el-altiplano-de-peru\/#primaryimage"},"image":{"@id":"https:\/\/exaudi.org\/es\/genaro-ejemplo-de-fe-y-de-amor-a-la-virgen-en-el-altiplano-de-peru\/#primaryimage"},"thumbnailUrl":"https:\/\/exaudi.org\/wp-content\/uploads\/2024\/05\/ACN-20230719-149890-scaled.jpg","datePublished":"2024-05-16T10:38:27+00:00","dateModified":"2024-05-16T10:41:02+00:00","author":{"@id":"https:\/\/exaudi.org\/#\/schema\/person\/d4906ab3b6c174ffe37d722c51c73317"},"breadcrumb":{"@id":"https:\/\/exaudi.org\/es\/genaro-ejemplo-de-fe-y-de-amor-a-la-virgen-en-el-altiplano-de-peru\/#breadcrumb"},"inLanguage":"es","potentialAction":[{"@type":"ReadAction","target":["https:\/\/exaudi.org\/es\/genaro-ejemplo-de-fe-y-de-amor-a-la-virgen-en-el-altiplano-de-peru\/"]}]},{"@type":"ImageObject","inLanguage":"es","@id":"https:\/\/exaudi.org\/es\/genaro-ejemplo-de-fe-y-de-amor-a-la-virgen-en-el-altiplano-de-peru\/#primaryimage","url":"https:\/\/exaudi.org\/wp-content\/uploads\/2024\/05\/ACN-20230719-149890-scaled.jpg","contentUrl":"https:\/\/exaudi.org\/wp-content\/uploads\/2024\/05\/ACN-20230719-149890-scaled.jpg","width":2560,"height":1711,"caption":"ACN"},{"@type":"BreadcrumbList","@id":"https:\/\/exaudi.org\/es\/genaro-ejemplo-de-fe-y-de-amor-a-la-virgen-en-el-altiplano-de-peru\/#breadcrumb","itemListElement":[{"@type":"ListItem","position":1,"name":"Portada","item":"https:\/\/exaudi.org\/es\/"},{"@type":"ListItem","position":2,"name":"Genaro, ejemplo de fe y de amor a la Virgen en el Altiplano de Per\u00fa"}]},{"@type":"WebSite","@id":"https:\/\/exaudi.org\/#website","url":"https:\/\/exaudi.org\/","name":"Exaudi","description":"News","potentialAction":[{"@type":"SearchAction","target":{"@type":"EntryPoint","urlTemplate":"https:\/\/exaudi.org\/?s={search_term_string}"},"query-input":{"@type":"PropertyValueSpecification","valueRequired":true,"valueName":"search_term_string"}}],"inLanguage":"es"},{"@type":"Person","@id":"https:\/\/exaudi.org\/#\/schema\/person\/d4906ab3b6c174ffe37d722c51c73317","name":"Ayuda a la Iglesia Necesitada","image":{"@type":"ImageObject","inLanguage":"es","@id":"https:\/\/secure.gravatar.com\/avatar\/18b646e6575a46729bc25d1c374d5965acb9854728a2929ada390e85905160db?s=96&d=mm&r=g","url":"https:\/\/secure.gravatar.com\/avatar\/18b646e6575a46729bc25d1c374d5965acb9854728a2929ada390e85905160db?s=96&d=mm&r=g","contentUrl":"https:\/\/secure.gravatar.com\/avatar\/18b646e6575a46729bc25d1c374d5965acb9854728a2929ada390e85905160db?s=96&d=mm&r=g","caption":"Ayuda a la Iglesia Necesitada"},"description":"Ayuda a la Iglesia Necesitada (ACN) es la Fundaci\u00f3n Pontificia que apoya a la Iglesia cat\u00f3lica en su labor evangelizadora en las comunidades m\u00e1s necesitadas, discriminadas y perseguidas del mundo. Cada a\u00f1o, ACN financia m\u00e1s de 5.000 proyectos pastorales y de emergencia humanitaria en m\u00e1s de 130 pa\u00edses. Cuenta con m\u00e1s de 20 oficinas en el mundo (en Espa\u00f1a desde 1965), dedicadas a informar sobre la realidad de estos cristianos; al fomento de la oraci\u00f3n, y a la recaudaci\u00f3n de fondos para la cobertura de proyectos. El 100% de los proyectos que desarrolla ACN se sostienen gracias a los donativos de personas f\u00edsicas u organizaciones que valoran la labor de la Iglesia en el mundo. La Fundaci\u00f3n no recibe subvenciones de organismos p\u00fablicos.","sameAs":["https:\/\/www.facebook.com\/ayudaalaiglesianecesitada\/?ref=ts","https:\/\/www.instagram.com\/ayudaiglesianecesitada\/","https:\/\/x.com\/https:\/\/x.com\/AyudaIglesNeces","https:\/\/www.youtube.com\/user\/AINorg"],"url":"https:\/\/exaudi.org\/es\/author\/ayudaalaiglesianecesitada\/"}]}},"jetpack_featured_media_url":"https:\/\/exaudi.org\/wp-content\/uploads\/2024\/05\/ACN-20230719-149890-scaled.jpg","jetpack_shortlink":"https:\/\/wp.me\/pgKjF2-qaD","_links":{"self":[{"href":"https:\/\/exaudi.org\/es\/wp-json\/wp\/v2\/posts\/100603","targetHints":{"allow":["GET"]}}],"collection":[{"href":"https:\/\/exaudi.org\/es\/wp-json\/wp\/v2\/posts"}],"about":[{"href":"https:\/\/exaudi.org\/es\/wp-json\/wp\/v2\/types\/post"}],"author":[{"embeddable":true,"href":"https:\/\/exaudi.org\/es\/wp-json\/wp\/v2\/users\/89"}],"replies":[{"embeddable":true,"href":"https:\/\/exaudi.org\/es\/wp-json\/wp\/v2\/comments?post=100603"}],"version-history":[{"count":0,"href":"https:\/\/exaudi.org\/es\/wp-json\/wp\/v2\/posts\/100603\/revisions"}],"wp:featuredmedia":[{"embeddable":true,"href":"https:\/\/exaudi.org\/es\/wp-json\/wp\/v2\/media\/100613"}],"wp:attachment":[{"href":"https:\/\/exaudi.org\/es\/wp-json\/wp\/v2\/media?parent=100603"}],"wp:term":[{"taxonomy":"category","embeddable":true,"href":"https:\/\/exaudi.org\/es\/wp-json\/wp\/v2\/categories?post=100603"},{"taxonomy":"post_tag","embeddable":true,"href":"https:\/\/exaudi.org\/es\/wp-json\/wp\/v2\/tags?post=100603"}],"curies":[{"name":"wp","href":"https:\/\/api.w.org\/{rel}","templated":true}]}}