{"id":100562,"date":"2024-05-31T08:30:57","date_gmt":"2024-05-31T06:30:57","guid":{"rendered":"https:\/\/exaudi.org\/?p=100562"},"modified":"2024-11-11T17:20:58","modified_gmt":"2024-11-11T16:20:58","slug":"ciudadanos-digitales-tecnologia-y-familia-albert-cortina-y-maria-zabala-pino","status":"publish","type":"post","link":"https:\/\/exaudi.org\/es\/ciudadanos-digitales-tecnologia-y-familia-albert-cortina-y-maria-zabala-pino\/","title":{"rendered":"Ciudadanos digitales, tecnolog\u00eda y familia: Albert Cortina y Mar\u00eda Zabala Pino"},"content":{"rendered":"<p>La\u00a0<a href=\"https:\/\/eukmamie.org\/es\/\" target=\"_blank\" rel=\"noopener\">Fundaci\u00f3n EUK Mamie y HM Televisi\u00f3n<\/a>\u00a0presentan a los lectores de Exaudi una nueva\u00a0<em><strong>temporada 7<\/strong><\/em>\u00a0de la serie que lleva por t\u00edtulo \u00ab<em><strong>El mundo que se avecina<\/strong><\/em>\u00bb, dirigido por Albert Cortina.<\/p>\n<p>Cortina es abogado especialista en urbanismo, ordenaci\u00f3n del territorio, medio ambiente y gesti\u00f3n del paisaje. Es, adem\u00e1s, una de las primeras voces que en Espa\u00f1a alert\u00f3 sobre las pretensiones del\u00a0<strong>transhumanismo<\/strong>\u00a0y su relaci\u00f3n con el\u00a0<strong>Nuevo Orden Mundial<\/strong>, definiendo el transhumanismo como \u00abun misticismo cient\u00edfico de car\u00e1cter ut\u00f3pico\u00bb.<\/p>\n<p>Albert Cortina entrevista, en bloques tem\u00e1ticos de siete programas, a muy diversos invitados con quienes espera que, a trav\u00e9s de su cosmovisi\u00f3n personal y de la convergencia de saberes que nos ofrecer\u00e1n, poder adelantarse a ese \u00abmundo que se avecina\u00bb y a todos sus retos, previendo problemas y ofreciendo soluciones desde el humanismo cristiano.<\/p>\n<h3><strong>Episodio 1:\u00a0<\/strong>Uso responsable de la tecnolog\u00eda<\/h3>\n<p>En este primer programa del bloque de \u00abEl mundo que se avecina\u00bb dedicado a \u00abCiudadanos digitales, tecnolog\u00eda y familia\u00bb, Albert Cortina conversa con Mar\u00eda Zabala Pino, periodista y consultora de comunicaci\u00f3n, acerca del \u00abUso responsable de la tecnolog\u00eda\u00bb. Mar\u00eda Zabala Pino hace hincapi\u00e9 en que la tecnolog\u00eda ha venido para quedarse y que no es una postura l\u00f3gica el no querer ser parte del mundo tecnol\u00f3gico sin m\u00e1s, sino que lo que debemos hacer es buscar lo bueno y aprender a gestionar correctamente el uso de la tecnolog\u00eda. Los padres de familia sobre todo, deben predicar con el ejemplo, pues no podemos pedir un uso responsable de la tecnolog\u00eda y, en concreto, de las redes si nuestros adolescentes no lo ven en sus padres.<\/p>\n<audio class=\"wp-audio-shortcode\" id=\"audio-100562-1\" preload=\"none\" style=\"width: 100%;\" controls=\"controls\"><source type=\"audio\/mpeg\" src=\"https:\/\/exaudi.org\/wp-content\/uploads\/2024\/05\/El-mundo-que-se-avecina_-B7-1_7-Uso-responsable-de-la-tecnologia-HMTelevision.mp3?_=1\" \/><a href=\"https:\/\/exaudi.org\/wp-content\/uploads\/2024\/05\/El-mundo-que-se-avecina_-B7-1_7-Uso-responsable-de-la-tecnologia-HMTelevision.mp3\">https:\/\/exaudi.org\/wp-content\/uploads\/2024\/05\/El-mundo-que-se-avecina_-B7-1_7-Uso-responsable-de-la-tecnologia-HMTelevision.mp3<\/a><\/audio>\n<p><iframe loading=\"lazy\" title=\"El mundo que se avecina: B7 - 1\/7 Uso responsable de la tecnolog\u00eda\" width=\"500\" height=\"281\" src=\"https:\/\/www.youtube.com\/embed\/QkM0f6vXs8M?list=PLy-IF8zRV7ziFXfK5DCW3-BNqB6hxJ44J\" frameborder=\"0\" allow=\"accelerometer; autoplay; clipboard-write; encrypted-media; gyroscope; picture-in-picture; web-share\" referrerpolicy=\"strict-origin-when-cross-origin\" allowfullscreen><\/iframe><\/p>\n<p>&nbsp;<\/p>\n<h3><strong>Episodio 2:\u00a0<\/strong>Impacto de la tecnolog\u00eda en el hogar<\/h3>\n<p>En este cap\u00edtulo de \u00abEl mundo que se avecina\u00bb Mar\u00eda Zabala y Albert Cortina desarrollan su conversaci\u00f3n en torno al \u00abimpacto de la tecnolog\u00eda en el hogar\u00bb, tema de vital importancia en la actualidad, puesto que muchos padres no saben cu\u00e1les son los l\u00edmites a establecer en el uso de los aparatos tecnol\u00f3gicos y la presencia de los menores en el \u201cmundo digital\u201d. D\u00f1a. Mar\u00eda insiste en que es crucial la formaci\u00f3n, al igual que el ejemplo de los padres a sus hijos. Es una utop\u00eda pretender cerrar los ojos al mundo digital, por eso se hace necesario que los padres sean gu\u00edas de sus propios hijos a la hora de administrar su tiempo y de valorar su presencia en las redes sociales y el uso de la tecnolog\u00eda en general, tanto en tiempo de ocio como de estudio.<\/p>\n<audio class=\"wp-audio-shortcode\" id=\"audio-100562-2\" preload=\"none\" style=\"width: 100%;\" controls=\"controls\"><source type=\"audio\/mpeg\" src=\"https:\/\/exaudi.org\/wp-content\/uploads\/2024\/05\/El-mundo-que-se-avecina_-B7-2_7-Impacto-de-la-tecnologia-en-el-hogar-HMTelevision.mp3?_=2\" \/><a href=\"https:\/\/exaudi.org\/wp-content\/uploads\/2024\/05\/El-mundo-que-se-avecina_-B7-2_7-Impacto-de-la-tecnologia-en-el-hogar-HMTelevision.mp3\">https:\/\/exaudi.org\/wp-content\/uploads\/2024\/05\/El-mundo-que-se-avecina_-B7-2_7-Impacto-de-la-tecnologia-en-el-hogar-HMTelevision.mp3<\/a><\/audio>\n<p><iframe loading=\"lazy\" title=\"El mundo que se avecina: B7 - 2\/7 Impacto de la tecnolog\u00eda en el hogar\" width=\"500\" height=\"281\" src=\"https:\/\/www.youtube.com\/embed\/JPvNnzuoYE0?list=PLy-IF8zRV7ziFXfK5DCW3-BNqB6hxJ44J\" frameborder=\"0\" allow=\"accelerometer; autoplay; clipboard-write; encrypted-media; gyroscope; picture-in-picture; web-share\" referrerpolicy=\"strict-origin-when-cross-origin\" allowfullscreen><\/iframe><\/p>\n<p>&nbsp;<\/p>\n<h3><strong>Episodio 3:\u00a0<\/strong>Ser padres en la \u00abEra Digital\u00bb<\/h3>\n<p>Mar\u00eda Zabala Pino \u2012periodista y consultora de comunicaci\u00f3n\u2012 y Albert Cortina profundizan en este cap\u00edtulo en un tema que preocupa a muchos en la actualidad: \u00abSer padres en la Era Digital\u00bb. Mar\u00eda recalca que lo importante de la tecnolog\u00eda no es la tecnolog\u00eda en s\u00ed, sino el enfoque que le damos a la misma y lo que transmitimos a nuestros hijos. Por eso afirma que se pueden tener muchas normas y controles parentales, pero si t\u00fa no formas a tu hijo en las virtudes, por muchos controles que tengas, no solucionar\u00e1s nada y tendr\u00e1s problemas con ellos. Tambi\u00e9n afirma que no hay una formula efectiva acerca de la edad en que puede confiarse a los j\u00f3venes el primer m\u00f3vil o el acceso a las redes sociales. Zabala Pino insiste en la importancia que tiene conocer a cada hijo y las circunstancias en las que vive, para poder ayudar a cada uno seg\u00fan su necesidad.<\/p>\n<audio class=\"wp-audio-shortcode\" id=\"audio-100562-3\" preload=\"none\" style=\"width: 100%;\" controls=\"controls\"><source type=\"audio\/mpeg\" src=\"https:\/\/exaudi.org\/wp-content\/uploads\/2024\/05\/El-mundo-que-se-avecina_-B7-3_7-Ser-padres-en-la-Era-Digital-HMTelevision.mp3?_=3\" \/><a href=\"https:\/\/exaudi.org\/wp-content\/uploads\/2024\/05\/El-mundo-que-se-avecina_-B7-3_7-Ser-padres-en-la-Era-Digital-HMTelevision.mp3\">https:\/\/exaudi.org\/wp-content\/uploads\/2024\/05\/El-mundo-que-se-avecina_-B7-3_7-Ser-padres-en-la-Era-Digital-HMTelevision.mp3<\/a><\/audio>\n<p><iframe loading=\"lazy\" title=\"El mundo que se avecina: B7 - 3\/7 Ser padres en la \u00abEra Digital\u00bb\" width=\"500\" height=\"281\" src=\"https:\/\/www.youtube.com\/embed\/8Z2UHvlAwcg?list=PLy-IF8zRV7ziFXfK5DCW3-BNqB6hxJ44J\" frameborder=\"0\" allow=\"accelerometer; autoplay; clipboard-write; encrypted-media; gyroscope; picture-in-picture; web-share\" referrerpolicy=\"strict-origin-when-cross-origin\" allowfullscreen><\/iframe><\/p>\n<p>&nbsp;<\/p>\n<h3><strong>Episodio 4:\u00a0<\/strong>Educar para la \u00abEra Digital\u00bb en la escuela<\/h3>\n<p>En este programa de \u00abEl mundo que se avecina\u00bb, la conversaci\u00f3n gira en torno a un tema importante hoy: \u00abEducar para la \u201cEra Digital\u201d en la escuela\u00bb Mar\u00eda Zabala Pino \u2013periodista y consultora de comunicaci\u00f3n\u2013 y Albert Cortina se\u00f1alan los puntos que los padres deben tener en cuenta cuando un colegio ofrece un proyecto digital a sus estudiantes. Mar\u00eda insiste en que lo m\u00e1s importante de todo es informarse de lo que oferta el colegio y por qu\u00e9 defiende tanto la utilizaci\u00f3n como la no utilizaci\u00f3n de la tecnolog\u00eda en la escuela. Es de vital importancia que los padres se impliquen en lo que sus hijos reciben en el colegio y tener un juicio cr\u00edtico, en concreto, en lo que se refiere a la tecnolog\u00eda dentro de la escuela.<\/p>\n<audio class=\"wp-audio-shortcode\" id=\"audio-100562-4\" preload=\"none\" style=\"width: 100%;\" controls=\"controls\"><source type=\"audio\/mpeg\" src=\"https:\/\/exaudi.org\/wp-content\/uploads\/2024\/05\/El-mundo-que-se-avecina_-B7-4_7-Educar-para-la-Era-Digital-en-la-escuela-HMTelevision.mp3?_=4\" \/><a href=\"https:\/\/exaudi.org\/wp-content\/uploads\/2024\/05\/El-mundo-que-se-avecina_-B7-4_7-Educar-para-la-Era-Digital-en-la-escuela-HMTelevision.mp3\">https:\/\/exaudi.org\/wp-content\/uploads\/2024\/05\/El-mundo-que-se-avecina_-B7-4_7-Educar-para-la-Era-Digital-en-la-escuela-HMTelevision.mp3<\/a><\/audio>\n<p><iframe loading=\"lazy\" title=\"El mundo que se avecina: B7 - 4\/7 Educar para la \u00abEra Digital\u00bb en la escuela\" width=\"500\" height=\"281\" src=\"https:\/\/www.youtube.com\/embed\/BtVrijxdwUQ?list=PLy-IF8zRV7ziFXfK5DCW3-BNqB6hxJ44J\" frameborder=\"0\" allow=\"accelerometer; autoplay; clipboard-write; encrypted-media; gyroscope; picture-in-picture; web-share\" referrerpolicy=\"strict-origin-when-cross-origin\" allowfullscreen><\/iframe><\/p>\n<p>&nbsp;<\/p>\n<h3><strong>Episodio 5:\u00a0El uso de las redes sociales en nuestros hijos<\/strong><\/h3>\n<p><span class=\"yt-core-attributed-string--link-inherit-color\">En este cap\u00edtulo del \u00abEl mundo que se avecina\u00bb, Albert Cortina y Mar\u00eda Zabala Pino \u2013consultora en comunicaci\u00f3n y periodista\u2013 debaten sobre la presencia de j\u00f3venes y ni\u00f1os en las redes sociales y el acompa\u00f1amiento que debe tener un hijo ante una presencia temprana en las redes. Se plantea el tema de los <\/span><span class=\"yt-core-attributed-string--link-inherit-color yt-core-attributed-string--italicized\">influencers<\/span><span class=\"yt-core-attributed-string--link-inherit-color\"> y c\u00f3mo abordar ese tema en casa.<\/span><\/p>\n<audio class=\"wp-audio-shortcode\" id=\"audio-100562-5\" preload=\"none\" style=\"width: 100%;\" controls=\"controls\"><source type=\"audio\/mpeg\" src=\"https:\/\/exaudi.org\/wp-content\/uploads\/2024\/05\/El-mundo-que-se-avecina_-B7-5_7-El-uso-de-las-redes-sociales-en-nuestros-hijos-HMTelevision.mp3?_=5\" \/><a href=\"https:\/\/exaudi.org\/wp-content\/uploads\/2024\/05\/El-mundo-que-se-avecina_-B7-5_7-El-uso-de-las-redes-sociales-en-nuestros-hijos-HMTelevision.mp3\">https:\/\/exaudi.org\/wp-content\/uploads\/2024\/05\/El-mundo-que-se-avecina_-B7-5_7-El-uso-de-las-redes-sociales-en-nuestros-hijos-HMTelevision.mp3<\/a><\/audio>\n<p><iframe loading=\"lazy\" title=\"El mundo que se avecina: B7 - 5\/7 El uso de las redes sociales en nuestros hijos\" width=\"500\" height=\"281\" src=\"https:\/\/www.youtube.com\/embed\/SF-ZUvqui1E?list=PLy-IF8zRV7ziFXfK5DCW3-BNqB6hxJ44J\" frameborder=\"0\" allow=\"accelerometer; autoplay; clipboard-write; encrypted-media; gyroscope; picture-in-picture; web-share\" referrerpolicy=\"strict-origin-when-cross-origin\" allowfullscreen><\/iframe><\/p>\n<p>&nbsp;<\/p>\n<h3><strong>Episodio 6:\u00a0<\/strong>Ocio digital de los adolescentes y j\u00f3venes<\/h3>\n<p>En el pen\u00faltimo programa de este bloque de \u00abEl mundo que se avecina\u00bb dedicado a \u00abCiudadanos digitales, tecnolog\u00eda y familia\u00bb, ahondamos en el tema del \u00abOcio digital de los adolescentes y j\u00f3venes\u00bb. \u00bfQu\u00e9 hacen nuestros hijos en su tiempo libre? \u00bfCu\u00e1nto tiempo est\u00e1n expuestos a la tecnolog\u00eda? \u00bfCu\u00e1les son sus videojuegos favoritos y c\u00f3mo afectan estos su desarrollo cognitivo? \u00bfCualquier videojuego es malo? \u00bfDeben tener libre acceso sin control de los padres a cualquier tipo de informaci\u00f3n? Sobre todos estos temas disertan Albert Cortina y Mar\u00eda Zabala en este programa.<\/p>\n<audio class=\"wp-audio-shortcode\" id=\"audio-100562-6\" preload=\"none\" style=\"width: 100%;\" controls=\"controls\"><source type=\"audio\/mpeg\" src=\"https:\/\/exaudi.org\/wp-content\/uploads\/2024\/05\/El-mundo-que-se-avecina_-B7-6_7-Ocio-digital-de-los-adolescentes-y-jovenes-HMTelevision.mp3?_=6\" \/><a href=\"https:\/\/exaudi.org\/wp-content\/uploads\/2024\/05\/El-mundo-que-se-avecina_-B7-6_7-Ocio-digital-de-los-adolescentes-y-jovenes-HMTelevision.mp3\">https:\/\/exaudi.org\/wp-content\/uploads\/2024\/05\/El-mundo-que-se-avecina_-B7-6_7-Ocio-digital-de-los-adolescentes-y-jovenes-HMTelevision.mp3<\/a><\/audio>\n<p><iframe loading=\"lazy\" title=\"El mundo que se avecina: B7 - 6\/7 Ocio digital de los adolescentes y j\u00f3venes\" width=\"500\" height=\"281\" src=\"https:\/\/www.youtube.com\/embed\/mrgX2NZU8Zg?list=PLy-IF8zRV7ziFXfK5DCW3-BNqB6hxJ44J\" frameborder=\"0\" allow=\"accelerometer; autoplay; clipboard-write; encrypted-media; gyroscope; picture-in-picture; web-share\" referrerpolicy=\"strict-origin-when-cross-origin\" allowfullscreen><\/iframe><\/p>\n<p>&nbsp;<\/p>\n<h3><strong>Episodio 7:\u00a0Ciudadanos digitales y sentido de la realidad<\/strong><\/h3>\n<p>Albert Cortina termina esta serie de conversaciones con Mar\u00eda Zabala Pino sobre \u00abCiudadanos Digitales, tecnolog\u00eda y familia\u00bb, abordando el tema de \u00abCiudadanos digitales y sentido de la realidad\u00bb. Mar\u00eda afirma que lo necesario en un mundo en el que lo digital es parte de nuestra vida diaria, es educar a los hijos para que sepan defenderse dentro y fuera del mundo digital.<\/p>\n<audio class=\"wp-audio-shortcode\" id=\"audio-100562-7\" preload=\"none\" style=\"width: 100%;\" controls=\"controls\"><source type=\"audio\/mpeg\" src=\"https:\/\/exaudi.org\/wp-content\/uploads\/2024\/05\/El-mundo-que-se-avecina_-B7-7_7-Ciudadanos-digitales-y-sentido-de-la-realidad-HMTelevision.mp3?_=7\" \/><a href=\"https:\/\/exaudi.org\/wp-content\/uploads\/2024\/05\/El-mundo-que-se-avecina_-B7-7_7-Ciudadanos-digitales-y-sentido-de-la-realidad-HMTelevision.mp3\">https:\/\/exaudi.org\/wp-content\/uploads\/2024\/05\/El-mundo-que-se-avecina_-B7-7_7-Ciudadanos-digitales-y-sentido-de-la-realidad-HMTelevision.mp3<\/a><\/audio>\n<p><iframe loading=\"lazy\" title=\"El mundo que se avecina: B7 - 7\/7 Ciudadanos digitales y sentido de la realidad\" width=\"500\" height=\"281\" src=\"https:\/\/www.youtube.com\/embed\/6PWvHHXMbLM?list=PLy-IF8zRV7ziFXfK5DCW3-BNqB6hxJ44J\" frameborder=\"0\" allow=\"accelerometer; autoplay; clipboard-write; encrypted-media; gyroscope; picture-in-picture; web-share\" referrerpolicy=\"strict-origin-when-cross-origin\" allowfullscreen><\/iframe><\/p>\n<p>&nbsp;<\/p>\n<p><img loading=\"lazy\" decoding=\"async\" class=\"size-full wp-image-100588 alignnone\" src=\"https:\/\/exaudi.org\/wp-content\/uploads\/2024\/05\/Design-Option-B-2-2.jpg\" alt=\"\" width=\"940\" height=\"788\" srcset=\"https:\/\/exaudi.org\/wp-content\/uploads\/2024\/05\/Design-Option-B-2-2.jpg 940w, https:\/\/exaudi.org\/wp-content\/uploads\/2024\/05\/Design-Option-B-2-2-300x251.jpg 300w, https:\/\/exaudi.org\/wp-content\/uploads\/2024\/05\/Design-Option-B-2-2-770x645.jpg 770w, https:\/\/exaudi.org\/wp-content\/uploads\/2024\/05\/Design-Option-B-2-2-500x419.jpg 500w, https:\/\/exaudi.org\/wp-content\/uploads\/2024\/05\/Design-Option-B-2-2-293x246.jpg 293w, https:\/\/exaudi.org\/wp-content\/uploads\/2024\/05\/Design-Option-B-2-2-390x327.jpg 390w\" sizes=\"auto, (max-width: 940px) 100vw, 940px\" \/><\/p>\n<h3><strong>Otras temporadas:<\/strong><\/h3>\n<ul>\n<li><strong><a href=\"https:\/\/exaudi.org\/es\/albert-cortina-presenta-la-serie-que-anticipa-los-desafios-del-futuro\/\" target=\"_blank\" rel=\"noopener\">Temporada 1: Desaf\u00edos y razones para la esperanza (Jes\u00fas Avezuela)<\/a>.\u00a0<\/strong><\/li>\n<li><strong><a href=\"https:\/\/exaudi.org\/es\/etica-de-la-virtud-tecnologia\/\" target=\"_blank\" rel=\"noopener\">Temporada 2:\u00a0\u00c9tica de la virtud en el \u00e1mbito de la tecnolog\u00eda (Alfredo Marcos)<\/a>.\u00a0<\/strong><\/li>\n<li><strong><a href=\"https:\/\/exaudi.org\/es\/conocimiento-profetico-y-futuro-de-la-humanidad-albert-cortina-y-jorge-fernandez-diaz\/\" target=\"_blank\" rel=\"noopener\">Temporada 3:\u00a0Conocimiento prof\u00e9tico y futuro de la humanidad (Jorge Fern\u00e1ndez D\u00edaz)<\/a>.\u00a0<\/strong><\/li>\n<li><a href=\"https:\/\/exaudi.org\/es\/preservacion-de-la-naturaleza-humana-albert-cortina-y-miquel-angel-serra-beltran\/\" target=\"_blank\" rel=\"noopener\"><strong>Temporada 4:\u00a0Preservaci\u00f3n de la naturaleza humana (Miquel-\u00c0ngel Serra Beltr\u00e1n)<\/strong><\/a>.<\/li>\n<li><strong><a href=\"https:\/\/exaudi.org\/es\/la-iglesia-del-futuro-albert-cortina-y-mons-d-juan-antonio-reig-pla\/\" target=\"_blank\" rel=\"noopener\">Temporada 5:\u00a0La Iglesia del futuro (D. Juan Antonio Reig Pla)<\/a>.\u00a0<\/strong><\/li>\n<li><strong><a href=\"https:\/\/exaudi.org\/es\/jovenes-esperanzados-albert-cortina-y-miquel-feliu-wennberg\/\" target=\"_blank\" rel=\"noopener\">Temporada 6:\u00a0J\u00f3venes esperanzados (Miquel Feliu Wennberg)<\/a>.\u00a0<\/strong><\/li>\n<li><strong><a href=\"https:\/\/exaudi.org\/es\/ciudadanos-digitales-tecnologia-y-familia-albert-cortina-y-maria-zabala-pino\/\" target=\"_blank\" rel=\"noopener\">Temporada 7:\u00a0Ciudadanos digitales, tecnolog\u00eda y familia (Mar\u00eda Zabala Pino)<\/a>.<\/strong><\/li>\n<li><strong><a href=\"https:\/\/exaudi.org\/es\/el-futuro-de-la-familia-dialogo-entre-albert-cortina-y-maria-jose-arranz\/\" target=\"_blank\" rel=\"noopener\">Temporada 8:\u00a0El futuro de la familia (Mar\u00eda Jos\u00e9 Arranz)<\/a>.<\/strong><\/li>\n<li><strong><a href=\"https:\/\/exaudi.org\/es\/el-nuevo-gnosticismo-dialogo-entre-albert-cortina-y-stefano-abbate\/\" target=\"_blank\" rel=\"noopener\">Temporada 9:\u00a0El nuevo gnosticismo (Stefano Abbate)<\/a>.<\/strong><\/li>\n<li><a href=\"https:\/\/exaudi.org\/es\/en-defensa-de-la-vida-dialogo-entre-albert-cortina-y-angel-guerra\/\" target=\"_blank\" rel=\"noopener\"><strong>Temporada 10:\u00a0En defensa de la vida (\u00c1ngel Guerra)<\/strong><\/a>.<\/li>\n<li><a href=\"https:\/\/exaudi.org\/es\/comunicacion-y-nueva-evangelizacion-dialogo-entre-albert-cortina-y-maria-solano-altaba\/\" target=\"_blank\" rel=\"noopener\"><strong>Temporada 11: Comunicaci\u00f3n y nueva evangelizaci\u00f3n (Mar\u00eda Solano Altaba)<\/strong><\/a>.<\/li>\n<li><strong><a href=\"https:\/\/exaudi.org\/es\/conciencia-mente-y-cerebro-dialogo-entre-albert-cortina-y-jose-ignacio-murillo-gomez\/\" target=\"_blank\" rel=\"noopener\">Temporada 12: Conciencia, mente y cerebro (Jos\u00e9 Ignacio Murillo G\u00f3mez)<\/a><\/strong>.<\/li>\n<li><strong><a href=\"https:\/\/exaudi.org\/es\/ciencia-y-fe-albert-cortina-y-enrique-solano-marquez\/\" target=\"_blank\" rel=\"noopener\">Temporada 13: Ciencia y fe (Enrique Solano M\u00e1rquez)<\/a><\/strong>.<\/li>\n<li><a href=\"https:\/\/exaudi.org\/es\/agenda-2033-avanzando-en-el-plan-redentor-de-dios-dialogo-entre-albert-cortina-y-padre-felix-lopez-lozano-shm\/\" target=\"_blank\" rel=\"noopener\"><strong>Temporada 14: Agenda 2033: Avanzando en el plan redentor de Dios (Padre F\u00e9lix L\u00f3pez Lozano, SHM)<\/strong><\/a>.<\/li>\n<li><strong><a href=\"https:\/\/exaudi.org\/es\/sistema-financiero-y-geopolitica-global-dialogo-entre-albert-cortina-y-pablo-sanz-bayon\/\" target=\"_blank\" rel=\"noopener\">Temporada 15: Sistema financiero y geopol\u00edtica global (Pablo Sanz Bay\u00f3n)<\/a><\/strong><\/li>\n<li><strong><a href=\"https:\/\/exaudi.org\/es\/evangelizacion-el-apostolado-de-la-amistad\/\" target=\"_blank\" rel=\"noopener\">Temporada 16: Laicos comprometidos (Luis Carreras del Rinc\u00f3n)<\/a><\/strong><\/li>\n<\/ul>\n","protected":false},"excerpt":{"rendered":"<p>El mundo que se avecina: Temporada 7<\/p>\n","protected":false},"author":144,"featured_media":100582,"comment_status":"closed","ping_status":"closed","sticky":false,"template":"","format":"standard","meta":{"_acf_changed":false,"_crdt_document":"","inline_featured_image":false,"footnotes":""},"categories":[72],"tags":[1197,14131,15471,14264,15466,3674,617,2419,3793,8981,15469,15473,463,15472,11783,15470],"class_list":["post-100562","post","type-post","status-publish","format-standard","has-post-thumbnail","hentry","category-analisis","tag-adolescentes","tag-albert-cortina","tag-ciudadanos-digitales","tag-el-mundo-que-se-avecina","tag-era-digital","tag-escuela","tag-familia","tag-featured","tag-hijos","tag-hogar","tag-maria-zabala-pino","tag-ocio-digital","tag-redes-sociales","tag-ser-padres","tag-tecnologia-2","tag-uso-responsable"],"acf":[],"yoast_head":"<!-- This site is optimized with the Yoast SEO plugin v27.4 - https:\/\/yoast.com\/product\/yoast-seo-wordpress\/ -->\n<title>Ciudadanos digitales, tecnolog\u00eda y familia: Albert Cortina y Mar\u00eda Zabala Pino &#8211; Exaudi<\/title>\n<meta name=\"robots\" content=\"index, follow, max-snippet:-1, max-image-preview:large, max-video-preview:-1\" \/>\n<link rel=\"canonical\" href=\"https:\/\/exaudi.org\/es\/ciudadanos-digitales-tecnologia-y-familia-albert-cortina-y-maria-zabala-pino\/\" \/>\n<meta property=\"og:locale\" content=\"es_ES\" \/>\n<meta property=\"og:type\" content=\"article\" \/>\n<meta property=\"og:title\" content=\"Ciudadanos digitales, tecnolog\u00eda y familia: Albert Cortina y Mar\u00eda Zabala Pino &#8211; Exaudi\" \/>\n<meta property=\"og:description\" content=\"El mundo que se avecina: Temporada 7\" \/>\n<meta property=\"og:url\" content=\"https:\/\/exaudi.org\/es\/ciudadanos-digitales-tecnologia-y-familia-albert-cortina-y-maria-zabala-pino\/\" \/>\n<meta property=\"og:site_name\" content=\"Exaudi\" \/>\n<meta property=\"article:publisher\" content=\"https:\/\/www.facebook.com\/ExaudiNews\" \/>\n<meta property=\"article:published_time\" content=\"2024-05-31T06:30:57+00:00\" \/>\n<meta property=\"article:modified_time\" content=\"2024-11-11T16:20:58+00:00\" \/>\n<meta property=\"og:image\" content=\"https:\/\/exaudi.org\/wp-content\/uploads\/2024\/05\/pexels-tima-miroshnichenko-6498303-scaled.jpg\" \/>\n\t<meta property=\"og:image:width\" content=\"2560\" \/>\n\t<meta property=\"og:image:height\" content=\"1707\" \/>\n\t<meta property=\"og:image:type\" content=\"image\/jpeg\" \/>\n<meta name=\"author\" content=\"HM Televisi\u00f3n\" \/>\n<meta name=\"twitter:card\" content=\"summary_large_image\" \/>\n<meta name=\"twitter:creator\" content=\"@Exaudi_News\" \/>\n<meta name=\"twitter:site\" content=\"@Exaudi_News\" \/>\n<meta name=\"twitter:label1\" content=\"Escrito por\" \/>\n\t<meta name=\"twitter:data1\" content=\"HM Televisi\u00f3n\" \/>\n\t<meta name=\"twitter:label2\" content=\"Tiempo de lectura\" \/>\n\t<meta name=\"twitter:data2\" content=\"7 minutos\" \/>\n<script type=\"application\/ld+json\" class=\"yoast-schema-graph\">{\"@context\":\"https:\\\/\\\/schema.org\",\"@graph\":[{\"@type\":\"Article\",\"@id\":\"https:\\\/\\\/exaudi.org\\\/es\\\/ciudadanos-digitales-tecnologia-y-familia-albert-cortina-y-maria-zabala-pino\\\/#article\",\"isPartOf\":{\"@id\":\"https:\\\/\\\/exaudi.org\\\/es\\\/ciudadanos-digitales-tecnologia-y-familia-albert-cortina-y-maria-zabala-pino\\\/\"},\"author\":{\"name\":\"HM Televisi\u00f3n\",\"@id\":\"https:\\\/\\\/exaudi.org\\\/#\\\/schema\\\/person\\\/53f18564983e77dc07439364c7379147\"},\"headline\":\"Ciudadanos digitales, tecnolog\u00eda y familia: Albert Cortina y Mar\u00eda Zabala Pino\",\"datePublished\":\"2024-05-31T06:30:57+00:00\",\"dateModified\":\"2024-11-11T16:20:58+00:00\",\"mainEntityOfPage\":{\"@id\":\"https:\\\/\\\/exaudi.org\\\/es\\\/ciudadanos-digitales-tecnologia-y-familia-albert-cortina-y-maria-zabala-pino\\\/\"},\"wordCount\":1448,\"image\":{\"@id\":\"https:\\\/\\\/exaudi.org\\\/es\\\/ciudadanos-digitales-tecnologia-y-familia-albert-cortina-y-maria-zabala-pino\\\/#primaryimage\"},\"thumbnailUrl\":\"https:\\\/\\\/exaudi.org\\\/wp-content\\\/uploads\\\/2024\\\/05\\\/pexels-tima-miroshnichenko-6498303-scaled.jpg\",\"keywords\":[\"Adolescentes\",\"Albert Cortina\",\"Ciudadanos digitales\",\"El mundo que se avecina\",\"Era Digital\",\"Escuela\",\"Familia\",\"Featured\",\"Hijos\",\"Hogar\",\"Mar\u00eda Zabala Pino\",\"Ocio digital\",\"Redes sociales\",\"Ser padres\",\"Tecnolog\u00eda\",\"Uso responsable\"],\"articleSection\":[\"An\u00e1lisis\"],\"inLanguage\":\"es\"},{\"@type\":\"WebPage\",\"@id\":\"https:\\\/\\\/exaudi.org\\\/es\\\/ciudadanos-digitales-tecnologia-y-familia-albert-cortina-y-maria-zabala-pino\\\/\",\"url\":\"https:\\\/\\\/exaudi.org\\\/es\\\/ciudadanos-digitales-tecnologia-y-familia-albert-cortina-y-maria-zabala-pino\\\/\",\"name\":\"Ciudadanos digitales, tecnolog\u00eda y familia: Albert Cortina y Mar\u00eda Zabala Pino &#8211; Exaudi\",\"isPartOf\":{\"@id\":\"https:\\\/\\\/exaudi.org\\\/#website\"},\"primaryImageOfPage\":{\"@id\":\"https:\\\/\\\/exaudi.org\\\/es\\\/ciudadanos-digitales-tecnologia-y-familia-albert-cortina-y-maria-zabala-pino\\\/#primaryimage\"},\"image\":{\"@id\":\"https:\\\/\\\/exaudi.org\\\/es\\\/ciudadanos-digitales-tecnologia-y-familia-albert-cortina-y-maria-zabala-pino\\\/#primaryimage\"},\"thumbnailUrl\":\"https:\\\/\\\/exaudi.org\\\/wp-content\\\/uploads\\\/2024\\\/05\\\/pexels-tima-miroshnichenko-6498303-scaled.jpg\",\"datePublished\":\"2024-05-31T06:30:57+00:00\",\"dateModified\":\"2024-11-11T16:20:58+00:00\",\"author\":{\"@id\":\"https:\\\/\\\/exaudi.org\\\/#\\\/schema\\\/person\\\/53f18564983e77dc07439364c7379147\"},\"breadcrumb\":{\"@id\":\"https:\\\/\\\/exaudi.org\\\/es\\\/ciudadanos-digitales-tecnologia-y-familia-albert-cortina-y-maria-zabala-pino\\\/#breadcrumb\"},\"inLanguage\":\"es\",\"potentialAction\":[{\"@type\":\"ReadAction\",\"target\":[\"https:\\\/\\\/exaudi.org\\\/es\\\/ciudadanos-digitales-tecnologia-y-familia-albert-cortina-y-maria-zabala-pino\\\/\"]}]},{\"@type\":\"ImageObject\",\"inLanguage\":\"es\",\"@id\":\"https:\\\/\\\/exaudi.org\\\/es\\\/ciudadanos-digitales-tecnologia-y-familia-albert-cortina-y-maria-zabala-pino\\\/#primaryimage\",\"url\":\"https:\\\/\\\/exaudi.org\\\/wp-content\\\/uploads\\\/2024\\\/05\\\/pexels-tima-miroshnichenko-6498303-scaled.jpg\",\"contentUrl\":\"https:\\\/\\\/exaudi.org\\\/wp-content\\\/uploads\\\/2024\\\/05\\\/pexels-tima-miroshnichenko-6498303-scaled.jpg\",\"width\":2560,\"height\":1707,\"caption\":\"Pexels\"},{\"@type\":\"BreadcrumbList\",\"@id\":\"https:\\\/\\\/exaudi.org\\\/es\\\/ciudadanos-digitales-tecnologia-y-familia-albert-cortina-y-maria-zabala-pino\\\/#breadcrumb\",\"itemListElement\":[{\"@type\":\"ListItem\",\"position\":1,\"name\":\"Portada\",\"item\":\"https:\\\/\\\/exaudi.org\\\/es\\\/\"},{\"@type\":\"ListItem\",\"position\":2,\"name\":\"Ciudadanos digitales, tecnolog\u00eda y familia: Albert Cortina y Mar\u00eda Zabala Pino\"}]},{\"@type\":\"WebSite\",\"@id\":\"https:\\\/\\\/exaudi.org\\\/#website\",\"url\":\"https:\\\/\\\/exaudi.org\\\/\",\"name\":\"Exaudi\",\"description\":\"News\",\"potentialAction\":[{\"@type\":\"SearchAction\",\"target\":{\"@type\":\"EntryPoint\",\"urlTemplate\":\"https:\\\/\\\/exaudi.org\\\/?s={search_term_string}\"},\"query-input\":{\"@type\":\"PropertyValueSpecification\",\"valueRequired\":true,\"valueName\":\"search_term_string\"}}],\"inLanguage\":\"es\"},{\"@type\":\"Person\",\"@id\":\"https:\\\/\\\/exaudi.org\\\/#\\\/schema\\\/person\\\/53f18564983e77dc07439364c7379147\",\"name\":\"HM Televisi\u00f3n\",\"image\":{\"@type\":\"ImageObject\",\"inLanguage\":\"es\",\"@id\":\"https:\\\/\\\/secure.gravatar.com\\\/avatar\\\/6d5520436c4a9e483f583843de76fb87640127f83156a90dc289bdc451e87b5a?s=96&d=mm&r=g\",\"url\":\"https:\\\/\\\/secure.gravatar.com\\\/avatar\\\/6d5520436c4a9e483f583843de76fb87640127f83156a90dc289bdc451e87b5a?s=96&d=mm&r=g\",\"contentUrl\":\"https:\\\/\\\/secure.gravatar.com\\\/avatar\\\/6d5520436c4a9e483f583843de76fb87640127f83156a90dc289bdc451e87b5a?s=96&d=mm&r=g\",\"caption\":\"HM Televisi\u00f3n\"},\"description\":\"HM Televisi\u00f3n surge en el 2001 en el seno de la Fundaci\u00f3n EUK Mamie, entidad no lucrativa para la gesti\u00f3n de los medios de comunicaci\u00f3n, fruto del deseo del Hogar de la Madre de colaborar en la Nueva Evangelizaci\u00f3n. Responde a la llamada del Papa Juan Pablo II a usar el potencial de los medios de comunicaci\u00f3n social para proclamar el mensaje evang\u00e9lico, dirigiendo sus contenidos a j\u00f3venes, familias y ni\u00f1os, para transmitir un mensaje bajo el lema: \\\"Ayer, hoy y siempre, la Verdad\\\"\",\"sameAs\":[\"https:\\\/\\\/www.hogardelamadre.org\\\/es\\\/hm-multimedia\\\/1840-h-m-television\",\"https:\\\/\\\/www.youtube.com\\\/hmtelevision\"],\"url\":\"https:\\\/\\\/exaudi.org\\\/es\\\/author\\\/hm-television\\\/\"}]}<\/script>\n<!-- \/ Yoast SEO plugin. -->","yoast_head_json":{"title":"Ciudadanos digitales, tecnolog\u00eda y familia: Albert Cortina y Mar\u00eda Zabala Pino &#8211; Exaudi","robots":{"index":"index","follow":"follow","max-snippet":"max-snippet:-1","max-image-preview":"max-image-preview:large","max-video-preview":"max-video-preview:-1"},"canonical":"https:\/\/exaudi.org\/es\/ciudadanos-digitales-tecnologia-y-familia-albert-cortina-y-maria-zabala-pino\/","og_locale":"es_ES","og_type":"article","og_title":"Ciudadanos digitales, tecnolog\u00eda y familia: Albert Cortina y Mar\u00eda Zabala Pino &#8211; Exaudi","og_description":"El mundo que se avecina: Temporada 7","og_url":"https:\/\/exaudi.org\/es\/ciudadanos-digitales-tecnologia-y-familia-albert-cortina-y-maria-zabala-pino\/","og_site_name":"Exaudi","article_publisher":"https:\/\/www.facebook.com\/ExaudiNews","article_published_time":"2024-05-31T06:30:57+00:00","article_modified_time":"2024-11-11T16:20:58+00:00","og_image":[{"width":2560,"height":1707,"url":"https:\/\/exaudi.org\/wp-content\/uploads\/2024\/05\/pexels-tima-miroshnichenko-6498303-scaled.jpg","type":"image\/jpeg"}],"author":"HM Televisi\u00f3n","twitter_card":"summary_large_image","twitter_creator":"@Exaudi_News","twitter_site":"@Exaudi_News","twitter_misc":{"Escrito por":"HM Televisi\u00f3n","Tiempo de lectura":"7 minutos"},"schema":{"@context":"https:\/\/schema.org","@graph":[{"@type":"Article","@id":"https:\/\/exaudi.org\/es\/ciudadanos-digitales-tecnologia-y-familia-albert-cortina-y-maria-zabala-pino\/#article","isPartOf":{"@id":"https:\/\/exaudi.org\/es\/ciudadanos-digitales-tecnologia-y-familia-albert-cortina-y-maria-zabala-pino\/"},"author":{"name":"HM Televisi\u00f3n","@id":"https:\/\/exaudi.org\/#\/schema\/person\/53f18564983e77dc07439364c7379147"},"headline":"Ciudadanos digitales, tecnolog\u00eda y familia: Albert Cortina y Mar\u00eda Zabala Pino","datePublished":"2024-05-31T06:30:57+00:00","dateModified":"2024-11-11T16:20:58+00:00","mainEntityOfPage":{"@id":"https:\/\/exaudi.org\/es\/ciudadanos-digitales-tecnologia-y-familia-albert-cortina-y-maria-zabala-pino\/"},"wordCount":1448,"image":{"@id":"https:\/\/exaudi.org\/es\/ciudadanos-digitales-tecnologia-y-familia-albert-cortina-y-maria-zabala-pino\/#primaryimage"},"thumbnailUrl":"https:\/\/exaudi.org\/wp-content\/uploads\/2024\/05\/pexels-tima-miroshnichenko-6498303-scaled.jpg","keywords":["Adolescentes","Albert Cortina","Ciudadanos digitales","El mundo que se avecina","Era Digital","Escuela","Familia","Featured","Hijos","Hogar","Mar\u00eda Zabala Pino","Ocio digital","Redes sociales","Ser padres","Tecnolog\u00eda","Uso responsable"],"articleSection":["An\u00e1lisis"],"inLanguage":"es"},{"@type":"WebPage","@id":"https:\/\/exaudi.org\/es\/ciudadanos-digitales-tecnologia-y-familia-albert-cortina-y-maria-zabala-pino\/","url":"https:\/\/exaudi.org\/es\/ciudadanos-digitales-tecnologia-y-familia-albert-cortina-y-maria-zabala-pino\/","name":"Ciudadanos digitales, tecnolog\u00eda y familia: Albert Cortina y Mar\u00eda Zabala Pino &#8211; Exaudi","isPartOf":{"@id":"https:\/\/exaudi.org\/#website"},"primaryImageOfPage":{"@id":"https:\/\/exaudi.org\/es\/ciudadanos-digitales-tecnologia-y-familia-albert-cortina-y-maria-zabala-pino\/#primaryimage"},"image":{"@id":"https:\/\/exaudi.org\/es\/ciudadanos-digitales-tecnologia-y-familia-albert-cortina-y-maria-zabala-pino\/#primaryimage"},"thumbnailUrl":"https:\/\/exaudi.org\/wp-content\/uploads\/2024\/05\/pexels-tima-miroshnichenko-6498303-scaled.jpg","datePublished":"2024-05-31T06:30:57+00:00","dateModified":"2024-11-11T16:20:58+00:00","author":{"@id":"https:\/\/exaudi.org\/#\/schema\/person\/53f18564983e77dc07439364c7379147"},"breadcrumb":{"@id":"https:\/\/exaudi.org\/es\/ciudadanos-digitales-tecnologia-y-familia-albert-cortina-y-maria-zabala-pino\/#breadcrumb"},"inLanguage":"es","potentialAction":[{"@type":"ReadAction","target":["https:\/\/exaudi.org\/es\/ciudadanos-digitales-tecnologia-y-familia-albert-cortina-y-maria-zabala-pino\/"]}]},{"@type":"ImageObject","inLanguage":"es","@id":"https:\/\/exaudi.org\/es\/ciudadanos-digitales-tecnologia-y-familia-albert-cortina-y-maria-zabala-pino\/#primaryimage","url":"https:\/\/exaudi.org\/wp-content\/uploads\/2024\/05\/pexels-tima-miroshnichenko-6498303-scaled.jpg","contentUrl":"https:\/\/exaudi.org\/wp-content\/uploads\/2024\/05\/pexels-tima-miroshnichenko-6498303-scaled.jpg","width":2560,"height":1707,"caption":"Pexels"},{"@type":"BreadcrumbList","@id":"https:\/\/exaudi.org\/es\/ciudadanos-digitales-tecnologia-y-familia-albert-cortina-y-maria-zabala-pino\/#breadcrumb","itemListElement":[{"@type":"ListItem","position":1,"name":"Portada","item":"https:\/\/exaudi.org\/es\/"},{"@type":"ListItem","position":2,"name":"Ciudadanos digitales, tecnolog\u00eda y familia: Albert Cortina y Mar\u00eda Zabala Pino"}]},{"@type":"WebSite","@id":"https:\/\/exaudi.org\/#website","url":"https:\/\/exaudi.org\/","name":"Exaudi","description":"News","potentialAction":[{"@type":"SearchAction","target":{"@type":"EntryPoint","urlTemplate":"https:\/\/exaudi.org\/?s={search_term_string}"},"query-input":{"@type":"PropertyValueSpecification","valueRequired":true,"valueName":"search_term_string"}}],"inLanguage":"es"},{"@type":"Person","@id":"https:\/\/exaudi.org\/#\/schema\/person\/53f18564983e77dc07439364c7379147","name":"HM Televisi\u00f3n","image":{"@type":"ImageObject","inLanguage":"es","@id":"https:\/\/secure.gravatar.com\/avatar\/6d5520436c4a9e483f583843de76fb87640127f83156a90dc289bdc451e87b5a?s=96&d=mm&r=g","url":"https:\/\/secure.gravatar.com\/avatar\/6d5520436c4a9e483f583843de76fb87640127f83156a90dc289bdc451e87b5a?s=96&d=mm&r=g","contentUrl":"https:\/\/secure.gravatar.com\/avatar\/6d5520436c4a9e483f583843de76fb87640127f83156a90dc289bdc451e87b5a?s=96&d=mm&r=g","caption":"HM Televisi\u00f3n"},"description":"HM Televisi\u00f3n surge en el 2001 en el seno de la Fundaci\u00f3n EUK Mamie, entidad no lucrativa para la gesti\u00f3n de los medios de comunicaci\u00f3n, fruto del deseo del Hogar de la Madre de colaborar en la Nueva Evangelizaci\u00f3n. Responde a la llamada del Papa Juan Pablo II a usar el potencial de los medios de comunicaci\u00f3n social para proclamar el mensaje evang\u00e9lico, dirigiendo sus contenidos a j\u00f3venes, familias y ni\u00f1os, para transmitir un mensaje bajo el lema: \"Ayer, hoy y siempre, la Verdad\"","sameAs":["https:\/\/www.hogardelamadre.org\/es\/hm-multimedia\/1840-h-m-television","https:\/\/www.youtube.com\/hmtelevision"],"url":"https:\/\/exaudi.org\/es\/author\/hm-television\/"}]}},"jetpack_featured_media_url":"https:\/\/exaudi.org\/wp-content\/uploads\/2024\/05\/pexels-tima-miroshnichenko-6498303-scaled.jpg","jetpack_shortlink":"https:\/\/wp.me\/pgKjF2-q9Y","_links":{"self":[{"href":"https:\/\/exaudi.org\/es\/wp-json\/wp\/v2\/posts\/100562","targetHints":{"allow":["GET"]}}],"collection":[{"href":"https:\/\/exaudi.org\/es\/wp-json\/wp\/v2\/posts"}],"about":[{"href":"https:\/\/exaudi.org\/es\/wp-json\/wp\/v2\/types\/post"}],"author":[{"embeddable":true,"href":"https:\/\/exaudi.org\/es\/wp-json\/wp\/v2\/users\/144"}],"replies":[{"embeddable":true,"href":"https:\/\/exaudi.org\/es\/wp-json\/wp\/v2\/comments?post=100562"}],"version-history":[{"count":0,"href":"https:\/\/exaudi.org\/es\/wp-json\/wp\/v2\/posts\/100562\/revisions"}],"wp:featuredmedia":[{"embeddable":true,"href":"https:\/\/exaudi.org\/es\/wp-json\/wp\/v2\/media\/100582"}],"wp:attachment":[{"href":"https:\/\/exaudi.org\/es\/wp-json\/wp\/v2\/media?parent=100562"}],"wp:term":[{"taxonomy":"category","embeddable":true,"href":"https:\/\/exaudi.org\/es\/wp-json\/wp\/v2\/categories?post=100562"},{"taxonomy":"post_tag","embeddable":true,"href":"https:\/\/exaudi.org\/es\/wp-json\/wp\/v2\/tags?post=100562"}],"curies":[{"name":"wp","href":"https:\/\/api.w.org\/{rel}","templated":true}]}}