{"id":100144,"date":"2024-05-10T16:08:43","date_gmt":"2024-05-10T14:08:43","guid":{"rendered":"https:\/\/exaudi.org\/?p=100144"},"modified":"2024-05-10T16:24:23","modified_gmt":"2024-05-10T14:24:23","slug":"aumentan-mas-del-19-las-madres-primerizas-a-los-40-anos","status":"publish","type":"post","link":"https:\/\/exaudi.org\/es\/aumentan-mas-del-19-las-madres-primerizas-a-los-40-anos\/","title":{"rendered":"Aumentan m\u00e1s del 19% las madres primerizas a los 40 a\u00f1os"},"content":{"rendered":"<audio class=\"wp-audio-shortcode\" id=\"audio-100144-1\" preload=\"none\" style=\"width: 100%;\" controls=\"controls\"><source type=\"audio\/mpeg\" src=\"https:\/\/exaudi.org\/wp-content\/uploads\/2024\/05\/Aumentan-mas-del-19-las-madres-primerizas.mp3?_=1\" \/><a href=\"https:\/\/exaudi.org\/wp-content\/uploads\/2024\/05\/Aumentan-mas-del-19-las-madres-primerizas.mp3\">https:\/\/exaudi.org\/wp-content\/uploads\/2024\/05\/Aumentan-mas-del-19-las-madres-primerizas.mp3<\/a><\/audio>\n<p>El n\u00famero de mujeres que se convierten en madres primerizas a los 40 a\u00f1os en Espa\u00f1a ha aumentado un 19,3%,\u00a0<a href=\"https:\/\/ine.es\/jaxiT3\/Datos.htm?t=1406#_tabs-mapa\" target=\"_blank\" rel=\"noopener\"><strong>seg\u00fan datos del Instituto Nacional de Estad\u00edstica (INE)<\/strong>.<\/a>\u00a0De esta manera, nuestro pa\u00eds se sit\u00faa a la cabeza de Europa en cuanto a nacimientos de beb\u00e9s de madres que superan los 30 a\u00f1os. Hay que recordar que Espa\u00f1a es el s\u00e9ptimo pa\u00eds del mundo con peor \u00edndice de fecundidad, situado por debajo del nivel de reemplazo generacional desde hace 40 a\u00f1os.<\/p>\n<p>Seg\u00fan\u00a0<a href=\"https:\/\/es.statista.com\/estadisticas\/474282\/numero-de-nacimientos-en-espana-por-edad-de-la-madre\/\" target=\"_blank\" rel=\"noopener\"><strong>datos de Statista<\/strong><\/a>, \u00a0una plataforma global de datos proveedor de estudios de mercado, en 2022 continu\u00f3 la tendencia de las mujeres espa\u00f1olas a tener m\u00e1s hijos pasados los 30 a\u00f1os de edad, destacando especialmente la franja comprendida entre los 32 y los 36. Concretamente, 23.919 mujeres tuvieron un hijo a los 35 a\u00f1os de edad, mientras que el n\u00famero de nacimientos de mujeres de entre 20 y 30 se manten\u00eda en todos los casos por debajo de 20.000.<\/p>\n<p>Algunas de las causas que se pueden achacar a este hecho, como hemos analizado<strong>\u00a0<a href=\"https:\/\/www.observatoriobioetica.org\/2024\/02\/espana-registra-la-cifra-mas-baja-de-nacimientos-desde-1941\/10000809\" target=\"_blank\" rel=\"noopener\">previamente<\/a><\/strong>, son el retraso de la maternidad hasta lograr una estabilidad laboral, la falta de pol\u00edticas de conciliaci\u00f3n, el desempleo, la inseguridad econ\u00f3mica, la b\u00fasqueda de la realizaci\u00f3n personal en el mundo laboral o el aumento de separaciones y abortos, entre otras.<\/p>\n<h3><strong>Abortos y tratamientos de fertilidad<\/strong><\/h3>\n<p>Seg\u00fan un informe del Instituto de Pol\u00edtica Familiar (IPF), en Espa\u00f1a se realizaron en 2022, 269 abortos diarios. Esto supone un total de 98.316 abortos anuales, habi\u00e9ndose incrementado la cifra en m\u00e1s de 8.000 respecto a 2021. \u00a0Junto con Francia y Alemania, es el pa\u00eds de la Uni\u00f3n Europea donde m\u00e1s interrupciones del embarazo se producen.<\/p>\n<p>Mientras crecen las cifras de abortos de una manera alarmante, se incrementa tambi\u00e9n el n\u00famero de mujeres que se someten cada a\u00f1o a\u00a0<strong><a href=\"https:\/\/www.observatoriobioetica.org\/2019\/01\/que-efectos-adversos-sufren-los-ninos-nacidos-por-reproduccion-asistida\/29436\" target=\"_blank\" rel=\"noopener\">tratamientos de fertilidad<\/a><\/strong>\u00a0buscando un embarazo. En el \u00faltimo a\u00f1o, el incremento ha sido de un 30%. M\u00e1s de la mitad de los tratamientos de donaci\u00f3n de ovocitos de Europa se llevan a cabo en nuestro pa\u00eds, convirti\u00e9ndose de este modo en el mayor proveedor de ovocitos de todo el continente.<\/p>\n<p><a href=\"https:\/\/www.observatoriobioetica.org\/wp-content\/uploads\/2024\/05\/8.png\" data-caption=\"\"><img loading=\"lazy\" decoding=\"async\" src=\"https:\/\/www.observatoriobioetica.org\/wp-content\/uploads\/2024\/05\/8.png\" alt=\"\" width=\"4000\" height=\"1542\" \/><\/a><\/p>\n<p>Como se\u00f1al\u00e1bamos<strong><a href=\"https:\/\/bioethicsobservatory.org\/2021\/10\/assisted-reproductive-treatments-in-europe-updated-vision-country-by-country\/41913\/\" target=\"_blank\" rel=\"noopener\">\u00a0en nuestro Observatorio<\/a><\/strong>, mientras que en muchos pa\u00edses existen restricciones y prohibiciones en relaci\u00f3n a esta pr\u00e1ctica, en nuestro pa\u00eds cualquier mujer puede acceder a estos tratamientos gracias a las pocas trabas existentes como consecuencia de una legislaci\u00f3n flexible y unas listas de espera muy cortas. Es por eso, que muchas pacientes internacionales viajan a Espa\u00f1a cada a\u00f1o para acceder a alg\u00fan tratamiento de fertilidad.<\/p>\n<p>Muchas pacientes en torno a los 40 a\u00f1os acuden a las cl\u00ednicas de reproducci\u00f3n asistida, como la fecundaci\u00f3n in vitro (FIV), para conseguir un embarazo debido al descenso de la fertilidad con la edad,\u00a0<strong><a href=\"https:\/\/www.observatoriobioetica.org\/2022\/01\/los-ninos-concebidos-por-reproduccion-asistida-tienen-mas-problemas-cardiovasculares\/37664\" target=\"_blank\" rel=\"noopener\">increment\u00e1ndose el riesgo<\/a><\/strong>\u00a0de alteraciones cromos\u00f3micas y la probabilidad de que se produzca un aborto espont\u00e1neo. \u201cEn aquellos casos de FIV con ovocitos propios es habitual completar el proceso con el an\u00e1lisis gen\u00e9tico de los embriones (Test Gen\u00e9tico Preimplantacional, PGT-A) antes de transferirlos al \u00fatero ya que, con el aumento de la edad, se incrementa el riesgo de alteraci\u00f3n cromos\u00f3mica en el embri\u00f3n, que se relaciona con menor tasa de implantaci\u00f3n y mayor riesgo de aborto\u00bb, afirma la Dra. Marina Gonz\u00e1lez, responsable de una cl\u00ednica de reproducci\u00f3n asistida.<\/p>\n<p>Pero los riesgos para el futuro beb\u00e9 concebido mediante t\u00e9cnicas de reproducci\u00f3n asistida (TRA) no acaban aqu\u00ed. Numerosos estudios han analizado las posibles diferencias y similitudes entre ni\u00f1os concebidos mediante TRA y los que lo han sido de forma natural. Si bien la mayor\u00eda de los estudios previos sobre ni\u00f1os concebidos por TRA se han centrado en la evoluci\u00f3n perinatal y la ni\u00f1ez, una peque\u00f1a cantidad de estudios han extendido el periodo de seguimiento hasta la adolescencia y la adultez temprana. (<strong><a href=\"https:\/\/academic.oup.com\/humupd\/article\/25\/2\/137\/5316072?login=false\" target=\"_blank\" rel=\"noopener\">Berntsen et al., 2019<\/a>;<\/strong>\u00a0<a href=\"https:\/\/academic.oup.com\/humrep\/article\/33\/10\/1948\/5084991?login=false\" target=\"_blank\" rel=\"noopener\"><strong>Norrman et al<\/strong>.,\u00a0<strong>2018<\/strong><\/a><strong>;\u00a0<a href=\"https:\/\/link.springer.com\/article\/10.1007\/s00787-019-01433-2\" target=\"_blank\" rel=\"noopener\">Rissanen et al., 2019<\/a>;\u00a0<\/strong><a href=\"https:\/\/academic.oup.com\/humrep\/article\/30\/9\/2129\/622716?login=false\" target=\"_blank\" rel=\"noopener\"><strong>Svahn et al., 2015<\/strong><\/a>).<\/p>\n<p><strong><a href=\"https:\/\/www.observatoriobioetica.org\/wp-content\/uploads\/2022\/07\/TheWell-BeingOfAdolescentsConc.pdf\" target=\"_blank\" rel=\"noopener\">Seg\u00fan un estudio<\/a><\/strong>\u00a0publicado por la European Journal of Population que analiz\u00f3 a los adolescentes que fueron concebidos de forma natural frente a los concebidos mediante t\u00e9cnicas de reproducci\u00f3n asistida, estos \u00faltimos sufren m\u00e1s cuadros de ansiedad o depresi\u00f3n antes de llegar a la edad adulta.<\/p>\n<h3><strong>Valoraci\u00f3n bio\u00e9tica<\/strong><\/h3>\n<p>El dram\u00e1tico descenso de la natalidad en muchos de los pa\u00edses desarrollados y, especialmente, en Espa\u00f1a, constituye un serio problema demogr\u00e1fico sobre el que no se est\u00e1 actuando suficientemente.<\/p>\n<p><a href=\"https:\/\/www.observatoriobioetica.org\/wp-content\/uploads\/2024\/05\/padresconbebe.png\" data-caption=\"\"><img loading=\"lazy\" decoding=\"async\" src=\"https:\/\/www.observatoriobioetica.org\/wp-content\/uploads\/2024\/05\/padresconbebe.png\" alt=\"\" width=\"4000\" height=\"1410\" \/><\/a><\/p>\n<p>Al\u00a0<strong><a href=\"https:\/\/www.observatoriobioetica.org\/2017\/04\/estatuto-biologico-del-embrion-humano-3\/15982\" target=\"_blank\" rel=\"noopener\">aborto<\/a><\/strong>, hay que sumar otras causas que se sit\u00faan en el origen del problema. El dato del retraso en la maternidad que analizamos en este art\u00edculo y el consiguiente recurso a las TRA para tratar de compensar el descenso en la fertilidad de las mujeres con el aumento de la edad, parece ser consecuencia de los cambios sociol\u00f3gicos de las sociedades avanzadas, donde la estructura laboral y la escala de valores en la que prima la realizaci\u00f3n y el enriquecimiento personal relega las expectativas de formar una familia y concebir los hijos a un segundo plano.<\/p>\n<p>Los criterios hedonistas, que confunden placer con sentido vital, descartan la paternidad y maternidad en las edades m\u00e1s f\u00e9rtiles y, podr\u00edamos decir, m\u00e1s adecuadas biol\u00f3gicamente para gestar y criar a los hijos. Las estructuras sociales promovidas por los gobiernos de muchos de los pa\u00edses desarrollados, con el nuestro a la cabeza, parecen subestimar la protecci\u00f3n real de la familia, que implica la creaci\u00f3n de oportunidades para la crianza de los hijos con apoyos de tipo laboral, econ\u00f3mico, sanitario o social, que permitan a muchas parejas valorar su paternidad y maternidad como un verdadero valor de sentido, una forma de donaci\u00f3n personal que realiza mucho mejor las aspiraciones de plenitud personal que la mera progresi\u00f3n econ\u00f3mica o l\u00fadica.<\/p>\n<p>Recuperar la familia, abierta a recibir los hijos, como c\u00e9lula b\u00e1sica de la sociedad y lugar privilegiado de la educaci\u00f3n humana, es responsabilidad de todos, no solo de los gobiernos con sus pol\u00edticas, sino tambi\u00e9n de los medios de comunicaci\u00f3n y las escuelas, que deben trabajar por alejar la falsa imagen que la paternidad y maternidad en el proyecto familiar tienen como situaci\u00f3n que pone en riesgo la realizaci\u00f3n personal, espec\u00edficamente en el plano laboral, y presentarla como lo que es, el lugar privilegiado para acoger la vida y acompa\u00f1arla hacia una realizaci\u00f3n plena.<\/p>\n<p><a href=\"https:\/\/www.observatoriobioetica.org\/2024\/05\/aumentan-mas-del-19-las-madres-primerizas-a-los-40-anos-en-espana\/10001449\" target=\"_blank\" rel=\"noopener\"><em><strong>Julio Tudela Cuenca &#8211;\u00a0Cristina Castillo &#8211; Observatorio de Bio\u00e9tica &#8211;\u00a0Instituto Ciencias de la Vida &#8211;\u00a0Universidad Cat\u00f3lica de Valencia<\/strong><\/em><\/a><\/p>\n","protected":false},"excerpt":{"rendered":"<p>Causas y repercusiones<\/p>\n","protected":false},"author":87,"featured_media":100145,"comment_status":"closed","ping_status":"closed","sticky":false,"template":"","format":"standard","meta":{"_acf_changed":false,"_crdt_document":"","inline_featured_image":false,"footnotes":""},"categories":[130],"tags":[1121,728,9982,15064,5679,9981,5854,4544,15065],"class_list":["post-100144","post","type-post","status-publish","format-standard","has-post-thumbnail","hentry","category-voces","tag-aborto","tag-bioetica","tag-cristina-castillo","tag-edad-maternidad","tag-fertilidad","tag-julio-tudela","tag-maternidad","tag-reproduccion-asistida","tag-tendencias-demograficas"],"acf":[],"yoast_head":"<!-- This site is optimized with the Yoast SEO plugin v27.5 - https:\/\/yoast.com\/product\/yoast-seo-wordpress\/ -->\n<title>Aumentan m\u00e1s del 19% las madres primerizas a los 40 a\u00f1os &#8211; Exaudi<\/title>\n<meta name=\"robots\" content=\"index, follow, max-snippet:-1, max-image-preview:large, max-video-preview:-1\" \/>\n<link rel=\"canonical\" href=\"https:\/\/exaudi.org\/es\/aumentan-mas-del-19-las-madres-primerizas-a-los-40-anos\/\" \/>\n<meta property=\"og:locale\" content=\"es_ES\" \/>\n<meta property=\"og:type\" content=\"article\" \/>\n<meta property=\"og:title\" content=\"Aumentan m\u00e1s del 19% las madres primerizas a los 40 a\u00f1os &#8211; Exaudi\" \/>\n<meta property=\"og:description\" content=\"Causas y repercusiones\" \/>\n<meta property=\"og:url\" content=\"https:\/\/exaudi.org\/es\/aumentan-mas-del-19-las-madres-primerizas-a-los-40-anos\/\" \/>\n<meta property=\"og:site_name\" content=\"Exaudi\" \/>\n<meta property=\"article:publisher\" content=\"https:\/\/www.facebook.com\/ExaudiNews\" \/>\n<meta property=\"article:author\" content=\"https:\/\/www.facebook.com\/observatoriodebioetica\/\" \/>\n<meta property=\"article:published_time\" content=\"2024-05-10T14:08:43+00:00\" \/>\n<meta property=\"article:modified_time\" content=\"2024-05-10T14:24:23+00:00\" \/>\n<meta property=\"og:image\" content=\"https:\/\/exaudi.org\/wp-content\/uploads\/2024\/05\/pexels-freestockpro-1008181.jpg\" \/>\n\t<meta property=\"og:image:width\" content=\"2000\" \/>\n\t<meta property=\"og:image:height\" content=\"1331\" \/>\n\t<meta property=\"og:image:type\" content=\"image\/jpeg\" \/>\n<meta name=\"author\" content=\"Observatorio de Bio\u00e9tica UCV\" \/>\n<meta name=\"twitter:card\" content=\"summary_large_image\" \/>\n<meta name=\"twitter:creator\" content=\"@obioetica\" \/>\n<meta name=\"twitter:site\" content=\"@Exaudi_News\" \/>\n<meta name=\"twitter:label1\" content=\"Escrito por\" \/>\n\t<meta name=\"twitter:data1\" content=\"Observatorio de Bio\u00e9tica UCV\" \/>\n\t<meta name=\"twitter:label2\" content=\"Tiempo de lectura\" \/>\n\t<meta name=\"twitter:data2\" content=\"6 minutos\" \/>\n<script type=\"application\/ld+json\" class=\"yoast-schema-graph\">{\"@context\":\"https:\\\/\\\/schema.org\",\"@graph\":[{\"@type\":\"Article\",\"@id\":\"https:\\\/\\\/exaudi.org\\\/es\\\/aumentan-mas-del-19-las-madres-primerizas-a-los-40-anos\\\/#article\",\"isPartOf\":{\"@id\":\"https:\\\/\\\/exaudi.org\\\/es\\\/aumentan-mas-del-19-las-madres-primerizas-a-los-40-anos\\\/\"},\"author\":{\"name\":\"Observatorio de Bio\u00e9tica UCV\",\"@id\":\"https:\\\/\\\/exaudi.org\\\/#\\\/schema\\\/person\\\/05d1c06e56ecb5490e9bff0d27026595\"},\"headline\":\"Aumentan m\u00e1s del 19% las madres primerizas a los 40 a\u00f1os\",\"datePublished\":\"2024-05-10T14:08:43+00:00\",\"dateModified\":\"2024-05-10T14:24:23+00:00\",\"mainEntityOfPage\":{\"@id\":\"https:\\\/\\\/exaudi.org\\\/es\\\/aumentan-mas-del-19-las-madres-primerizas-a-los-40-anos\\\/\"},\"wordCount\":1158,\"image\":{\"@id\":\"https:\\\/\\\/exaudi.org\\\/es\\\/aumentan-mas-del-19-las-madres-primerizas-a-los-40-anos\\\/#primaryimage\"},\"thumbnailUrl\":\"https:\\\/\\\/exaudi.org\\\/wp-content\\\/uploads\\\/2024\\\/05\\\/pexels-freestockpro-1008181.jpg\",\"keywords\":[\"Aborto\",\"Bio\u00e9tica\",\"Cristina Castillo\",\"Edad maternidad\",\"fertilidad\",\"Julio Tudela\",\"Maternidad\",\"Reproducci\u00f3n asistida\",\"Tendencias demogr\u00e1ficas\"],\"articleSection\":[\"Voces\"],\"inLanguage\":\"es\"},{\"@type\":\"WebPage\",\"@id\":\"https:\\\/\\\/exaudi.org\\\/es\\\/aumentan-mas-del-19-las-madres-primerizas-a-los-40-anos\\\/\",\"url\":\"https:\\\/\\\/exaudi.org\\\/es\\\/aumentan-mas-del-19-las-madres-primerizas-a-los-40-anos\\\/\",\"name\":\"Aumentan m\u00e1s del 19% las madres primerizas a los 40 a\u00f1os &#8211; Exaudi\",\"isPartOf\":{\"@id\":\"https:\\\/\\\/exaudi.org\\\/#website\"},\"primaryImageOfPage\":{\"@id\":\"https:\\\/\\\/exaudi.org\\\/es\\\/aumentan-mas-del-19-las-madres-primerizas-a-los-40-anos\\\/#primaryimage\"},\"image\":{\"@id\":\"https:\\\/\\\/exaudi.org\\\/es\\\/aumentan-mas-del-19-las-madres-primerizas-a-los-40-anos\\\/#primaryimage\"},\"thumbnailUrl\":\"https:\\\/\\\/exaudi.org\\\/wp-content\\\/uploads\\\/2024\\\/05\\\/pexels-freestockpro-1008181.jpg\",\"datePublished\":\"2024-05-10T14:08:43+00:00\",\"dateModified\":\"2024-05-10T14:24:23+00:00\",\"author\":{\"@id\":\"https:\\\/\\\/exaudi.org\\\/#\\\/schema\\\/person\\\/05d1c06e56ecb5490e9bff0d27026595\"},\"breadcrumb\":{\"@id\":\"https:\\\/\\\/exaudi.org\\\/es\\\/aumentan-mas-del-19-las-madres-primerizas-a-los-40-anos\\\/#breadcrumb\"},\"inLanguage\":\"es\",\"potentialAction\":[{\"@type\":\"ReadAction\",\"target\":[\"https:\\\/\\\/exaudi.org\\\/es\\\/aumentan-mas-del-19-las-madres-primerizas-a-los-40-anos\\\/\"]}]},{\"@type\":\"ImageObject\",\"inLanguage\":\"es\",\"@id\":\"https:\\\/\\\/exaudi.org\\\/es\\\/aumentan-mas-del-19-las-madres-primerizas-a-los-40-anos\\\/#primaryimage\",\"url\":\"https:\\\/\\\/exaudi.org\\\/wp-content\\\/uploads\\\/2024\\\/05\\\/pexels-freestockpro-1008181.jpg\",\"contentUrl\":\"https:\\\/\\\/exaudi.org\\\/wp-content\\\/uploads\\\/2024\\\/05\\\/pexels-freestockpro-1008181.jpg\",\"width\":2000,\"height\":1331,\"caption\":\"Pexels\"},{\"@type\":\"BreadcrumbList\",\"@id\":\"https:\\\/\\\/exaudi.org\\\/es\\\/aumentan-mas-del-19-las-madres-primerizas-a-los-40-anos\\\/#breadcrumb\",\"itemListElement\":[{\"@type\":\"ListItem\",\"position\":1,\"name\":\"Portada\",\"item\":\"https:\\\/\\\/exaudi.org\\\/es\\\/\"},{\"@type\":\"ListItem\",\"position\":2,\"name\":\"Aumentan m\u00e1s del 19% las madres primerizas a los 40 a\u00f1os\"}]},{\"@type\":\"WebSite\",\"@id\":\"https:\\\/\\\/exaudi.org\\\/#website\",\"url\":\"https:\\\/\\\/exaudi.org\\\/\",\"name\":\"Exaudi\",\"description\":\"News\",\"potentialAction\":[{\"@type\":\"SearchAction\",\"target\":{\"@type\":\"EntryPoint\",\"urlTemplate\":\"https:\\\/\\\/exaudi.org\\\/?s={search_term_string}\"},\"query-input\":{\"@type\":\"PropertyValueSpecification\",\"valueRequired\":true,\"valueName\":\"search_term_string\"}}],\"inLanguage\":\"es\"},{\"@type\":\"Person\",\"@id\":\"https:\\\/\\\/exaudi.org\\\/#\\\/schema\\\/person\\\/05d1c06e56ecb5490e9bff0d27026595\",\"name\":\"Observatorio de Bio\u00e9tica UCV\",\"image\":{\"@type\":\"ImageObject\",\"inLanguage\":\"es\",\"@id\":\"https:\\\/\\\/secure.gravatar.com\\\/avatar\\\/086563f59595a89fb0851de25d712a03657b1cdfa8af3c9cd0a1ee122fc5d596?s=96&d=mm&r=g\",\"url\":\"https:\\\/\\\/secure.gravatar.com\\\/avatar\\\/086563f59595a89fb0851de25d712a03657b1cdfa8af3c9cd0a1ee122fc5d596?s=96&d=mm&r=g\",\"contentUrl\":\"https:\\\/\\\/secure.gravatar.com\\\/avatar\\\/086563f59595a89fb0851de25d712a03657b1cdfa8af3c9cd0a1ee122fc5d596?s=96&d=mm&r=g\",\"caption\":\"Observatorio de Bio\u00e9tica UCV\"},\"description\":\"El Observatorio de Bio\u00e9tica se encuentra dentro del Instituto Ciencias de la vida de la Universidad Cat\u00f3lica de Valencia \u201cSan Vicente M\u00e1rtir\u201d . En el trasfondo de sus publicaciones, se defiende la vida humana desde la fecundaci\u00f3n a la muerte natural y la dignidad de la persona, teniendo como objetivo aunar esfuerzos para difundir la cultura de la vida como la define la Evangelium Vitae.\",\"sameAs\":[\"https:\\\/\\\/www.observatoriobioetica.org\\\/\",\"https:\\\/\\\/www.facebook.com\\\/observatoriodebioetica\\\/\",\"https:\\\/\\\/x.com\\\/obioetica\",\"https:\\\/\\\/www.youtube.com\\\/channel\\\/UC_Tr4WS5-TXoNo5e1MdQc7w\"],\"url\":\"https:\\\/\\\/exaudi.org\\\/es\\\/author\\\/observatoriodebioeticaucv\\\/\"}]}<\/script>\n<!-- \/ Yoast SEO plugin. -->","yoast_head_json":{"title":"Aumentan m\u00e1s del 19% las madres primerizas a los 40 a\u00f1os &#8211; Exaudi","robots":{"index":"index","follow":"follow","max-snippet":"max-snippet:-1","max-image-preview":"max-image-preview:large","max-video-preview":"max-video-preview:-1"},"canonical":"https:\/\/exaudi.org\/es\/aumentan-mas-del-19-las-madres-primerizas-a-los-40-anos\/","og_locale":"es_ES","og_type":"article","og_title":"Aumentan m\u00e1s del 19% las madres primerizas a los 40 a\u00f1os &#8211; Exaudi","og_description":"Causas y repercusiones","og_url":"https:\/\/exaudi.org\/es\/aumentan-mas-del-19-las-madres-primerizas-a-los-40-anos\/","og_site_name":"Exaudi","article_publisher":"https:\/\/www.facebook.com\/ExaudiNews","article_author":"https:\/\/www.facebook.com\/observatoriodebioetica\/","article_published_time":"2024-05-10T14:08:43+00:00","article_modified_time":"2024-05-10T14:24:23+00:00","og_image":[{"width":2000,"height":1331,"url":"https:\/\/exaudi.org\/wp-content\/uploads\/2024\/05\/pexels-freestockpro-1008181.jpg","type":"image\/jpeg"}],"author":"Observatorio de Bio\u00e9tica UCV","twitter_card":"summary_large_image","twitter_creator":"@obioetica","twitter_site":"@Exaudi_News","twitter_misc":{"Escrito por":"Observatorio de Bio\u00e9tica UCV","Tiempo de lectura":"6 minutos"},"schema":{"@context":"https:\/\/schema.org","@graph":[{"@type":"Article","@id":"https:\/\/exaudi.org\/es\/aumentan-mas-del-19-las-madres-primerizas-a-los-40-anos\/#article","isPartOf":{"@id":"https:\/\/exaudi.org\/es\/aumentan-mas-del-19-las-madres-primerizas-a-los-40-anos\/"},"author":{"name":"Observatorio de Bio\u00e9tica UCV","@id":"https:\/\/exaudi.org\/#\/schema\/person\/05d1c06e56ecb5490e9bff0d27026595"},"headline":"Aumentan m\u00e1s del 19% las madres primerizas a los 40 a\u00f1os","datePublished":"2024-05-10T14:08:43+00:00","dateModified":"2024-05-10T14:24:23+00:00","mainEntityOfPage":{"@id":"https:\/\/exaudi.org\/es\/aumentan-mas-del-19-las-madres-primerizas-a-los-40-anos\/"},"wordCount":1158,"image":{"@id":"https:\/\/exaudi.org\/es\/aumentan-mas-del-19-las-madres-primerizas-a-los-40-anos\/#primaryimage"},"thumbnailUrl":"https:\/\/exaudi.org\/wp-content\/uploads\/2024\/05\/pexels-freestockpro-1008181.jpg","keywords":["Aborto","Bio\u00e9tica","Cristina Castillo","Edad maternidad","fertilidad","Julio Tudela","Maternidad","Reproducci\u00f3n asistida","Tendencias demogr\u00e1ficas"],"articleSection":["Voces"],"inLanguage":"es"},{"@type":"WebPage","@id":"https:\/\/exaudi.org\/es\/aumentan-mas-del-19-las-madres-primerizas-a-los-40-anos\/","url":"https:\/\/exaudi.org\/es\/aumentan-mas-del-19-las-madres-primerizas-a-los-40-anos\/","name":"Aumentan m\u00e1s del 19% las madres primerizas a los 40 a\u00f1os &#8211; Exaudi","isPartOf":{"@id":"https:\/\/exaudi.org\/#website"},"primaryImageOfPage":{"@id":"https:\/\/exaudi.org\/es\/aumentan-mas-del-19-las-madres-primerizas-a-los-40-anos\/#primaryimage"},"image":{"@id":"https:\/\/exaudi.org\/es\/aumentan-mas-del-19-las-madres-primerizas-a-los-40-anos\/#primaryimage"},"thumbnailUrl":"https:\/\/exaudi.org\/wp-content\/uploads\/2024\/05\/pexels-freestockpro-1008181.jpg","datePublished":"2024-05-10T14:08:43+00:00","dateModified":"2024-05-10T14:24:23+00:00","author":{"@id":"https:\/\/exaudi.org\/#\/schema\/person\/05d1c06e56ecb5490e9bff0d27026595"},"breadcrumb":{"@id":"https:\/\/exaudi.org\/es\/aumentan-mas-del-19-las-madres-primerizas-a-los-40-anos\/#breadcrumb"},"inLanguage":"es","potentialAction":[{"@type":"ReadAction","target":["https:\/\/exaudi.org\/es\/aumentan-mas-del-19-las-madres-primerizas-a-los-40-anos\/"]}]},{"@type":"ImageObject","inLanguage":"es","@id":"https:\/\/exaudi.org\/es\/aumentan-mas-del-19-las-madres-primerizas-a-los-40-anos\/#primaryimage","url":"https:\/\/exaudi.org\/wp-content\/uploads\/2024\/05\/pexels-freestockpro-1008181.jpg","contentUrl":"https:\/\/exaudi.org\/wp-content\/uploads\/2024\/05\/pexels-freestockpro-1008181.jpg","width":2000,"height":1331,"caption":"Pexels"},{"@type":"BreadcrumbList","@id":"https:\/\/exaudi.org\/es\/aumentan-mas-del-19-las-madres-primerizas-a-los-40-anos\/#breadcrumb","itemListElement":[{"@type":"ListItem","position":1,"name":"Portada","item":"https:\/\/exaudi.org\/es\/"},{"@type":"ListItem","position":2,"name":"Aumentan m\u00e1s del 19% las madres primerizas a los 40 a\u00f1os"}]},{"@type":"WebSite","@id":"https:\/\/exaudi.org\/#website","url":"https:\/\/exaudi.org\/","name":"Exaudi","description":"News","potentialAction":[{"@type":"SearchAction","target":{"@type":"EntryPoint","urlTemplate":"https:\/\/exaudi.org\/?s={search_term_string}"},"query-input":{"@type":"PropertyValueSpecification","valueRequired":true,"valueName":"search_term_string"}}],"inLanguage":"es"},{"@type":"Person","@id":"https:\/\/exaudi.org\/#\/schema\/person\/05d1c06e56ecb5490e9bff0d27026595","name":"Observatorio de Bio\u00e9tica UCV","image":{"@type":"ImageObject","inLanguage":"es","@id":"https:\/\/secure.gravatar.com\/avatar\/086563f59595a89fb0851de25d712a03657b1cdfa8af3c9cd0a1ee122fc5d596?s=96&d=mm&r=g","url":"https:\/\/secure.gravatar.com\/avatar\/086563f59595a89fb0851de25d712a03657b1cdfa8af3c9cd0a1ee122fc5d596?s=96&d=mm&r=g","contentUrl":"https:\/\/secure.gravatar.com\/avatar\/086563f59595a89fb0851de25d712a03657b1cdfa8af3c9cd0a1ee122fc5d596?s=96&d=mm&r=g","caption":"Observatorio de Bio\u00e9tica UCV"},"description":"El Observatorio de Bio\u00e9tica se encuentra dentro del Instituto Ciencias de la vida de la Universidad Cat\u00f3lica de Valencia \u201cSan Vicente M\u00e1rtir\u201d . En el trasfondo de sus publicaciones, se defiende la vida humana desde la fecundaci\u00f3n a la muerte natural y la dignidad de la persona, teniendo como objetivo aunar esfuerzos para difundir la cultura de la vida como la define la Evangelium Vitae.","sameAs":["https:\/\/www.observatoriobioetica.org\/","https:\/\/www.facebook.com\/observatoriodebioetica\/","https:\/\/x.com\/obioetica","https:\/\/www.youtube.com\/channel\/UC_Tr4WS5-TXoNo5e1MdQc7w"],"url":"https:\/\/exaudi.org\/es\/author\/observatoriodebioeticaucv\/"}]}},"jetpack_featured_media_url":"https:\/\/exaudi.org\/wp-content\/uploads\/2024\/05\/pexels-freestockpro-1008181.jpg","jetpack_shortlink":"https:\/\/wp.me\/pgKjF2-q3e","_links":{"self":[{"href":"https:\/\/exaudi.org\/es\/wp-json\/wp\/v2\/posts\/100144","targetHints":{"allow":["GET"]}}],"collection":[{"href":"https:\/\/exaudi.org\/es\/wp-json\/wp\/v2\/posts"}],"about":[{"href":"https:\/\/exaudi.org\/es\/wp-json\/wp\/v2\/types\/post"}],"author":[{"embeddable":true,"href":"https:\/\/exaudi.org\/es\/wp-json\/wp\/v2\/users\/87"}],"replies":[{"embeddable":true,"href":"https:\/\/exaudi.org\/es\/wp-json\/wp\/v2\/comments?post=100144"}],"version-history":[{"count":0,"href":"https:\/\/exaudi.org\/es\/wp-json\/wp\/v2\/posts\/100144\/revisions"}],"wp:featuredmedia":[{"embeddable":true,"href":"https:\/\/exaudi.org\/es\/wp-json\/wp\/v2\/media\/100145"}],"wp:attachment":[{"href":"https:\/\/exaudi.org\/es\/wp-json\/wp\/v2\/media?parent=100144"}],"wp:term":[{"taxonomy":"category","embeddable":true,"href":"https:\/\/exaudi.org\/es\/wp-json\/wp\/v2\/categories?post=100144"},{"taxonomy":"post_tag","embeddable":true,"href":"https:\/\/exaudi.org\/es\/wp-json\/wp\/v2\/tags?post=100144"}],"curies":[{"name":"wp","href":"https:\/\/api.w.org\/{rel}","templated":true}]}}